{"id":227,"date":"2024-11-23T00:00:00","date_gmt":"2024-11-23T00:00:00","guid":{"rendered":"https:\/\/koalicjapolnoc.pl\/?p=227"},"modified":"2024-11-23T00:00:00","modified_gmt":"2024-11-23T00:00:00","slug":"jak-sie-ubrac-na-grilla-praktyczne-porady","status":"publish","type":"post","link":"https:\/\/koalicjapolnoc.pl\/ro\/jak-sie-ubrac-na-grilla-praktyczne-porady\/","title":{"rendered":"Cum s\u0103 te \u00eembraci pentru un gr\u0103tar? Sfaturi practice"},"content":{"rendered":"<div class=\"kk-star-ratings kksr-auto kksr-align-left kksr-valign-top\"\n    data-payload='{&quot;align&quot;:&quot;left&quot;,&quot;id&quot;:&quot;227&quot;,&quot;slug&quot;:&quot;default&quot;,&quot;valign&quot;:&quot;top&quot;,&quot;ignore&quot;:&quot;&quot;,&quot;reference&quot;:&quot;auto&quot;,&quot;class&quot;:&quot;&quot;,&quot;count&quot;:&quot;0&quot;,&quot;legendonly&quot;:&quot;&quot;,&quot;readonly&quot;:&quot;&quot;,&quot;score&quot;:&quot;0&quot;,&quot;starsonly&quot;:&quot;&quot;,&quot;best&quot;:&quot;5&quot;,&quot;gap&quot;:&quot;5&quot;,&quot;greet&quot;:&quot;&quot;,&quot;legend&quot;:&quot;0\\\/5 - (0 votes)&quot;,&quot;size&quot;:&quot;24&quot;,&quot;title&quot;:&quot;Jak si\u0119 ubra\u0107 na grilla? Praktyczne porady&quot;,&quot;width&quot;:&quot;0&quot;,&quot;_legend&quot;:&quot;{score}\\\/{best} - ({count} {votes})&quot;,&quot;font_factor&quot;:&quot;1.25&quot;}'>\n            \n<div class=\"kksr-stars\">\n    \n<div class=\"kksr-stars-inactive\">\n            <div class=\"kksr-star\" data-star=\"1\" style=\"padding-right: 5px\">\n            \n\n<div class=\"kksr-icon\" style=\"width: 24px; height: 24px;\"><\/div>\n        <\/div>\n            <div class=\"kksr-star\" data-star=\"2\" style=\"padding-right: 5px\">\n            \n\n<div class=\"kksr-icon\" style=\"width: 24px; height: 24px;\"><\/div>\n        <\/div>\n            <div class=\"kksr-star\" data-star=\"3\" style=\"padding-right: 5px\">\n            \n\n<div class=\"kksr-icon\" style=\"width: 24px; height: 24px;\"><\/div>\n        <\/div>\n            <div class=\"kksr-star\" data-star=\"4\" style=\"padding-right: 5px\">\n            \n\n<div class=\"kksr-icon\" style=\"width: 24px; height: 24px;\"><\/div>\n        <\/div>\n            <div class=\"kksr-star\" data-star=\"5\" style=\"padding-right: 5px\">\n            \n\n<div class=\"kksr-icon\" style=\"width: 24px; height: 24px;\"><\/div>\n        <\/div>\n    <\/div>\n    \n<div class=\"kksr-stars-active\" style=\"width: 0px;\">\n            <div class=\"kksr-star\" style=\"padding-right: 5px\">\n            \n\n<div class=\"kksr-icon\" style=\"width: 24px; height: 24px;\"><\/div>\n        <\/div>\n            <div class=\"kksr-star\" style=\"padding-right: 5px\">\n            \n\n<div class=\"kksr-icon\" style=\"width: 24px; height: 24px;\"><\/div>\n        <\/div>\n            <div class=\"kksr-star\" style=\"padding-right: 5px\">\n            \n\n<div class=\"kksr-icon\" style=\"width: 24px; height: 24px;\"><\/div>\n        <\/div>\n            <div class=\"kksr-star\" style=\"padding-right: 5px\">\n            \n\n<div class=\"kksr-icon\" style=\"width: 24px; height: 24px;\"><\/div>\n        <\/div>\n            <div class=\"kksr-star\" style=\"padding-right: 5px\">\n            \n\n<div class=\"kksr-icon\" style=\"width: 24px; height: 24px;\"><\/div>\n        <\/div>\n    <\/div>\n<\/div>\n                \n\n<div class=\"kksr-legend\" style=\"font-size: 19.2px;\">\n            <span class=\"kksr-muted\"><\/span>\n    <\/div>\n    <\/div>\n<p> Gr\u0103tarul este o oportunitate excelent\u0103 de a te \u00eent\u00e2lni cu cei dragi \u0219i de a te bucura de m\u00e2ncare delicioas\u0103 \u00een aer liber. Dar te-ai \u00eentrebat vreodat\u0103 cum s\u0103 alegi \u021binuta potrivit\u0103 pentru aceast\u0103 ocazie? Hainele pentru gr\u0103tar ar trebui s\u0103 fie confortabile, practice \u0219i elegante, astfel \u00eenc\u00e2t s\u0103 te sim\u021bi \u00eencrez\u0103tor \u00een compania prietenilor. Merit\u0103 s\u0103 ne amintim diverse aspecte care influen\u021beaz\u0103 alegerea \u021binutei, cum ar fi vremea, locul \u00eent\u00e2lnirii sau formalitatea acesteia. \u00cen acest articol, \u00ee\u021bi vom spune cum s\u0103 g\u0103se\u0219ti \u021binuta perfect\u0103 pentru gr\u0103tar, adaptat\u0103 la diferite condi\u021bii \u0219i ocazii. S\u0103 \u00eencepem cu elementele de baz\u0103! <\/p>\n<h2>Alegerea garderobei potrivite<\/h2>\n<p><img decoding=\"async\" alt=\"Kobieta w okularach przeciws\u0142onecznych grilluje mi\u0119so na tle kwitn\u0105cego ogrodu.\" src=\"https:\/\/koalicjapolnoc.pl\/wp-content\/uploads\/image577bd2ac703b413e9e2d6e6d1b8af6d4.png\"\/><\/p>\n<p> Alegerea unei \u021binute pentru gr\u0103tar este esen\u021bial\u0103 pentru confortul nostru \u00een timpul evenimentului. Materialele potrivite, croiala \u0219i adaptarea acestora la condi\u021biile meteorologice sunt de o mare importan\u021b\u0103. Tricourile din materiale u\u0219oare \u0219i aerisite vor fi o solu\u021bie excelent\u0103 pentru zilele c\u0103lduroase. Pantalonii, pe de alt\u0103 parte, ar trebui s\u0103 ofere libertate de mi\u0219care, ceea ce este deosebit de important \u00een timpul gr\u0103tarelor \u0219i al activit\u0103\u021bilor \u00een aer liber. De asemenea, nu putem uita de \u00eenc\u0103l\u021b\u0103minte - merit\u0103 s\u0103 alegem pantofi confortabili, potrivi\u021bi terenului pe care ne vom deplasa. Re\u021bine\u021bi c\u0103 alegerea garderobei ar trebui s\u0103 corespund\u0103 at\u00e2t preferin\u021belor noastre, c\u00e2t \u0219i naturii evenimentului. <\/p>\n<ul>\n<li><strong>Tricouri:<\/strong> Luminos, aerisit, de preferin\u021b\u0103 din materiale naturale.<\/li>\n<li><strong>Pantaloni:<\/strong> Pantaloni scur\u021bi sau pantaloni lungi \u0219i u\u0219ori, \u00een func\u021bie de preferin\u021be.<\/li>\n<li><strong>\u00cenc\u0103l\u0163\u0103minte:<\/strong> \u00cenc\u0103l\u021b\u0103minte confortabil\u0103, cum ar fi adida\u0219i sau sandale.<\/li>\n<\/ul>\n<h2>Haine adaptate vremii<\/h2>\n<p><img decoding=\"async\" alt=\"Rodzina na pikniku w parku, grilluj\u0105ca i bawi\u0105ca si\u0119 z dzie\u0107mi.\" src=\"https:\/\/koalicjapolnoc.pl\/wp-content\/uploads\/image32306e73b7704755a0d5915440e926e8.png\"\/><\/p>\n<p> Vremea este unul dintre cei mai importan\u021bi factori de luat \u00een considerare atunci c\u00e2nd alege\u021bi o \u021binut\u0103 pentru gr\u0103tar. Zilele \u00eensorite necesit\u0103 o abordare diferit\u0103 fa\u021b\u0103 de cele ploioase. Preg\u0103tirea pentru condi\u021biile meteorologice schimb\u0103toare poate salva \u00eentregul eveniment. Aleg\u00e2nd materiale u\u0219oare \u0219i culorile potrivite, putem reduce riscul de supra\u00eenc\u0103lzire. \u00cen cazul serilor mai r\u0103coroase, merit\u0103 s\u0103 ave\u021bi c\u00e2teva articole vestimentare mai groase. O \u021binut\u0103 bine aleas\u0103 va face din gr\u0103tar o adev\u0103rat\u0103 pl\u0103cere. <\/p>\n<ul>\n<li><strong>Zile \u00eensorite:<\/strong> Material u\u0219or \u0219i culori str\u0103lucitoare.<\/li>\n<li><strong>Zile ploioase:<\/strong> Articole de \u00eembr\u0103c\u0103minte impermeabile.<\/li>\n<li><strong>Seri mai r\u0103coroase:<\/strong> Haine mai groase, cum ar fi un pulover sau o bluz\u0103 cu m\u00e2nec\u0103 lung\u0103.<\/li>\n<\/ul>\n<table border=\"1\">Exemple de stilizare a gr\u0103tarului<\/p>\n<tr>\n<th>Tipul evenimentului<\/th>\n<th>Haine de prob\u0103<\/th>\n<\/tr>\n<tr>\n<td>Gr\u0103tar \u00een gr\u0103din\u0103<\/td>\n<td>Tricou, pantaloni scur\u021bi, \u0219lapi<\/td>\n<\/tr>\n<tr>\n<td>Gr\u0103tar \u00een restaurant<\/td>\n<td>C\u0103ma\u0219\u0103, pantaloni chino, pantofi elegan\u021bi<\/td>\n<\/tr>\n<tr>\n<td>Gr\u0103tar \u00een ploaie<\/td>\n<td>Geac\u0103 impermeabil\u0103, cizme de cauciuc, pantaloni comozi<\/td>\n<\/tr>\n<\/table>\n<h2>Stilul \u0219i ocazia<\/h2>\n<p> Fiecare gr\u0103tar este un eveniment unic, iar stilul ar trebui adaptat circumstan\u021belor individuale. Lua\u021bi \u00een considerare dac\u0103 pl\u0103nui\u021bi o petrecere \u00eentr-o atmosfer\u0103 relaxat\u0103 sau o \u00eent\u00e2lnire mai formal\u0103. \u00cen cazul unui gr\u0103tar \u00een gr\u0103din\u0103, este mai bine s\u0103 opta\u021bi pentru un stil casual, care v\u0103 va oferi libertate de mi\u0219care. Pe de alt\u0103 parte, dac\u0103 gr\u0103tarul este aranjat \u00eentr-un restaurant, ar trebui s\u0103 lua\u021bi \u00een considerare un stil mai elegant - pantalonii chino \u0219i o c\u0103ma\u0219\u0103 vor fi potrivi\u021bi. Stilul personal poate fi accentuat cu accesorii care vor da caracter oric\u0103rei \u021binute. <\/p>\n<ul>\n<li><strong>Gr\u0103tar \u00een gr\u0103din\u0103:<\/strong> Stil casual.<\/li>\n<li><strong>Gr\u0103tar \u00een restaurant:<\/strong> \u021ainut\u0103 elegant\u0103, de exemplu, pantaloni chino \u0219i c\u0103ma\u0219\u0103.<\/li>\n<\/ul>\n<h2>Accesorii care merit\u0103 avute<\/h2>\n<p> Adesea subestimate, accesoriile sunt o parte important\u0103 a oric\u0103rei \u021binute. Acestea adaug\u0103 nu doar stil, ci \u0219i confort. Merit\u0103 s\u0103 iei o p\u0103l\u0103rie la un gr\u0103tar, care nu numai c\u0103 te va proteja de soare, dar \u00ee\u021bi va \u0219i sublinia stilul individual. Ochelarii de soare sunt un alt must-have, deoarece au grij\u0103 de s\u0103n\u0103tatea ochilor t\u0103i \u0219i adaug\u0103 \u0219ic. Un ceas, de\u0219i nu este esen\u021bial, poate fi un complement elegant al \u021binutei tale. Accesoriile bune sunt cheia satisfac\u021biei depline fa\u021b\u0103 de \u021binuta ta, precum \u0219i o modalitate de a ie\u0219i \u00een eviden\u021b\u0103 fa\u021b\u0103 de ceilal\u021bi participan\u021bi. <\/p>\n<h2>Rezumat<\/h2>\n<p> Gr\u0103tarul nu este doar o experien\u021b\u0103 culinar\u0103, ci \u0219i o form\u0103 de exprimare prin stil. \u021ainuta potrivit\u0103, adaptat\u0103 vremii, naturii evenimentului \u0219i preferin\u021belor personale, va face evenimentul \u0219i mai pl\u0103cut. Nu uita s\u0103 alegi haine confortabile, care s\u0103 \u00ee\u021bi permit\u0103 s\u0103 te distrezi al\u0103turi de ceilal\u021bi. Accesoriile joac\u0103 \u0219i ele un rol important, adaug\u0103 caracter \u0219i sporesc confortul. Merit\u0103 s\u0103 te g\u00e2nde\u0219ti pu\u021bin la \u021binuta ta \u00eenainte de a merge la gr\u0103tar, pentru a te putea bucura pe deplin de aceast\u0103 experien\u021b\u0103 suculent\u0103 \u0219i aromat\u0103. <\/p>\n<h2>\u00centreb\u0103ri frecvente<\/h2>\n<ul>\n<li><strong>Ce materiale sunt cele mai bune pentru un gr\u0103tar?<\/strong> Cel mai bine este s\u0103 alege\u021bi materiale u\u0219oare, aerisite \u0219i care absorb umezeala, cum ar fi bumbacul sau inul. <\/li>\n<li><strong>Pot purta \u00eembr\u0103c\u0103minte sport la un gr\u0103tar?<\/strong> Da, stilul sportiv este absolut potrivit, mai ales pentru un gr\u0103tar \u00een gr\u0103din\u0103. <\/li>\n<li><strong>Ar trebui s\u0103 aduc haine \u00een plus?<\/strong> Da, merit\u0103 s\u0103 ai articole suplimentare \u00een garderob\u0103 pentru a te adapta la vremea schimb\u0103toare. <\/li>\n<li><strong>Ce pantofi sunt cei mai potrivi\u021bi pentru un gr\u0103tar?<\/strong> Cel mai bine este s\u0103 purta\u021bi \u00eenc\u0103l\u021b\u0103minte confortabil\u0103, care s\u0103 se comporte bine pe teren, cum ar fi adida\u0219i sau sandale. <\/li>\n<li><strong>Sunt necesare accesorii?<\/strong> De\u0219i nu sunt obligatorii, accesoriile potrivite, cum ar fi o p\u0103l\u0103rie sau ochelarii de soare, pot \u00eembun\u0103t\u0103\u021bi confortul \u0219i stilul. <\/li>\n<\/ul>","protected":false},"excerpt":{"rendered":"<p>Grillowanie to doskona\u0142a okazja, by spotka\u0107 si\u0119 z bliskimi i cieszy\u0107 si\u0119 pysznym jedzeniem na \u015bwie\u017cym powietrzu. Czy zastanawia\u0142e\u015b si\u0119 jednak, jak dobra\u0107 odpowiednie ubranie<\/p>","protected":false},"author":1,"featured_media":192,"comment_status":"closed","ping_status":"closed","sticky":false,"template":"","format":"standard","meta":{"_acf_changed":false,"footnotes":""},"categories":[1],"tags":[],"class_list":["post-227","post","type-post","status-publish","format-standard","has-post-thumbnail","hentry","category-blog"],"acf":[],"yoast_head":"<!-- This site is optimized with the Yoast SEO plugin v23.2 - https:\/\/yoast.com\/wordpress\/plugins\/seo\/ -->\n<title>Jak si\u0119 ubra\u0107 na grilla? Praktyczne porady na ka\u017cd\u0105 okazj\u0119<\/title>\n<meta name=\"description\" content=\"Odkryj, jak dobra\u0107 idealne ubranie na grilla! Praktyczne porady dotycz\u0105ce stylu, akcesori\u00f3w i warunk\u00f3w pogodowych.\" \/>\n<meta name=\"robots\" content=\"index, follow, max-snippet:-1, max-image-preview:large, max-video-preview:-1\" \/>\n<link rel=\"canonical\" href=\"https:\/\/koalicjapolnoc.pl\/ro\/jak-sie-ubrac-na-grilla-praktyczne-porady\/\" \/>\n<meta property=\"og:locale\" content=\"ro_RO\" \/>\n<meta property=\"og:type\" content=\"article\" \/>\n<meta property=\"og:title\" content=\"Jak si\u0119 ubra\u0107 na grilla? Praktyczne porady na ka\u017cd\u0105 okazj\u0119\" \/>\n<meta property=\"og:description\" content=\"Odkryj, jak dobra\u0107 idealne ubranie na grilla! Praktyczne porady dotycz\u0105ce stylu, akcesori\u00f3w i warunk\u00f3w pogodowych.\" \/>\n<meta property=\"og:url\" content=\"https:\/\/koalicjapolnoc.pl\/ro\/jak-sie-ubrac-na-grilla-praktyczne-porady\/\" \/>\n<meta property=\"og:site_name\" content=\"koalicjapolnoc.pl\" \/>\n<meta property=\"article:published_time\" content=\"2024-11-23T00:00:00+00:00\" \/>\n<meta property=\"og:image\" content=\"https:\/\/koalicjapolnoc.pl\/wp-content\/uploads\/imagec38bad85253d48649d0a16e28f82bcb0.png\" \/>\n\t<meta property=\"og:image:width\" content=\"1024\" \/>\n\t<meta property=\"og:image:height\" content=\"768\" \/>\n\t<meta property=\"og:image:type\" content=\"image\/png\" \/>\n<meta name=\"author\" content=\"El\u017cbieta Szczepa\u0144ska\" \/>\n<meta name=\"twitter:card\" content=\"summary_large_image\" \/>\n<meta name=\"twitter:label1\" content=\"Scris de\" \/>\n\t<meta name=\"twitter:data1\" content=\"El\u017cbieta Szczepa\u0144ska\" \/>\n\t<meta name=\"twitter:label2\" content=\"Timp estimat pentru citire\" \/>\n\t<meta name=\"twitter:data2\" content=\"4 minute\" \/>\n<script type=\"application\/ld+json\" class=\"yoast-schema-graph\">{\"@context\":\"https:\/\/schema.org\",\"@graph\":[{\"@type\":\"WebPage\",\"@id\":\"https:\/\/koalicjapolnoc.pl\/jak-sie-ubrac-na-grilla-praktyczne-porady\/\",\"url\":\"https:\/\/koalicjapolnoc.pl\/jak-sie-ubrac-na-grilla-praktyczne-porady\/\",\"name\":\"Jak si\u0119 ubra\u0107 na grilla? Praktyczne porady na ka\u017cd\u0105 okazj\u0119\",\"isPartOf\":{\"@id\":\"https:\/\/koalicjapolnoc.pl\/#website\"},\"primaryImageOfPage\":{\"@id\":\"https:\/\/koalicjapolnoc.pl\/jak-sie-ubrac-na-grilla-praktyczne-porady\/#primaryimage\"},\"image\":{\"@id\":\"https:\/\/koalicjapolnoc.pl\/jak-sie-ubrac-na-grilla-praktyczne-porady\/#primaryimage\"},\"thumbnailUrl\":\"https:\/\/koalicjapolnoc.pl\/wp-content\/uploads\/imagec38bad85253d48649d0a16e28f82bcb0.png\",\"datePublished\":\"2024-11-23T00:00:00+00:00\",\"dateModified\":\"2024-11-23T00:00:00+00:00\",\"author\":{\"@id\":\"https:\/\/koalicjapolnoc.pl\/#\/schema\/person\/7d47e60bd3ee98cb2c276d958285d1bb\"},\"description\":\"Odkryj, jak dobra\u0107 idealne ubranie na grilla! Praktyczne porady dotycz\u0105ce stylu, akcesori\u00f3w i warunk\u00f3w pogodowych.\",\"breadcrumb\":{\"@id\":\"https:\/\/koalicjapolnoc.pl\/jak-sie-ubrac-na-grilla-praktyczne-porady\/#breadcrumb\"},\"inLanguage\":\"ro-RO\",\"potentialAction\":[{\"@type\":\"ReadAction\",\"target\":[\"https:\/\/koalicjapolnoc.pl\/jak-sie-ubrac-na-grilla-praktyczne-porady\/\"]}]},{\"@type\":\"ImageObject\",\"inLanguage\":\"ro-RO\",\"@id\":\"https:\/\/koalicjapolnoc.pl\/jak-sie-ubrac-na-grilla-praktyczne-porady\/#primaryimage\",\"url\":\"https:\/\/koalicjapolnoc.pl\/wp-content\/uploads\/imagec38bad85253d48649d0a16e28f82bcb0.png\",\"contentUrl\":\"https:\/\/koalicjapolnoc.pl\/wp-content\/uploads\/imagec38bad85253d48649d0a16e28f82bcb0.png\",\"width\":1024,\"height\":768},{\"@type\":\"BreadcrumbList\",\"@id\":\"https:\/\/koalicjapolnoc.pl\/jak-sie-ubrac-na-grilla-praktyczne-porady\/#breadcrumb\",\"itemListElement\":[{\"@type\":\"ListItem\",\"position\":1,\"name\":\"Home\",\"item\":\"https:\/\/koalicjapolnoc.pl\/\"},{\"@type\":\"ListItem\",\"position\":2,\"name\":\"Jak si\u0119 ubra\u0107 na grilla? Praktyczne porady\"}]},{\"@type\":\"WebSite\",\"@id\":\"https:\/\/koalicjapolnoc.pl\/#website\",\"url\":\"https:\/\/koalicjapolnoc.pl\/\",\"name\":\"koalicjapolnoc.pl\",\"description\":\"Moda na bluzy: styl, wygoda, historia.\",\"potentialAction\":[{\"@type\":\"SearchAction\",\"target\":{\"@type\":\"EntryPoint\",\"urlTemplate\":\"https:\/\/koalicjapolnoc.pl\/?s={search_term_string}\"},\"query-input\":\"required name=search_term_string\"}],\"inLanguage\":\"ro-RO\"},{\"@type\":\"Person\",\"@id\":\"https:\/\/koalicjapolnoc.pl\/#\/schema\/person\/7d47e60bd3ee98cb2c276d958285d1bb\",\"name\":\"El\u017cbieta Szczepa\u0144ska\",\"image\":{\"@type\":\"ImageObject\",\"inLanguage\":\"ro-RO\",\"@id\":\"https:\/\/koalicjapolnoc.pl\/#\/schema\/person\/image\/\",\"url\":\"https:\/\/koalicjapolnoc.pl\/wp-content\/uploads\/pixinllhbw7_ad_avatar-96x96.jpg\",\"contentUrl\":\"https:\/\/koalicjapolnoc.pl\/wp-content\/uploads\/pixinllhbw7_ad_avatar-96x96.jpg\",\"caption\":\"El\u017cbieta Szczepa\u0144ska\"},\"description\":\"Jestem El\u017cbieta Szczepa\u0144ska, projektantka mody z wieloletnim do\u015bwiadczeniem w bran\u017cy. Tworzy\u0142am kolekcje dla presti\u017cowych marek, wsp\u00f3\u0142pracowa\u0142am z magazynami. Moj\u0105 misj\u0105 jest inspirowanie innych do odkrywania w\u0142asnego stylu i \u015bwiadomych wybor\u00f3w w modzie.\",\"url\":\"https:\/\/koalicjapolnoc.pl\/ro\/author\/elzbieta-szczepanska\/\"}]}<\/script>\n<!-- \/ Yoast SEO plugin. -->","yoast_head_json":{"title":"Jak si\u0119 ubra\u0107 na grilla? Praktyczne porady na ka\u017cd\u0105 okazj\u0119","description":"Odkryj, jak dobra\u0107 idealne ubranie na grilla! Praktyczne porady dotycz\u0105ce stylu, akcesori\u00f3w i warunk\u00f3w pogodowych.","robots":{"index":"index","follow":"follow","max-snippet":"max-snippet:-1","max-image-preview":"max-image-preview:large","max-video-preview":"max-video-preview:-1"},"canonical":"https:\/\/koalicjapolnoc.pl\/ro\/jak-sie-ubrac-na-grilla-praktyczne-porady\/","og_locale":"ro_RO","og_type":"article","og_title":"Jak si\u0119 ubra\u0107 na grilla? Praktyczne porady na ka\u017cd\u0105 okazj\u0119","og_description":"Odkryj, jak dobra\u0107 idealne ubranie na grilla! Praktyczne porady dotycz\u0105ce stylu, akcesori\u00f3w i warunk\u00f3w pogodowych.","og_url":"https:\/\/koalicjapolnoc.pl\/ro\/jak-sie-ubrac-na-grilla-praktyczne-porady\/","og_site_name":"koalicjapolnoc.pl","article_published_time":"2024-11-23T00:00:00+00:00","og_image":[{"width":1024,"height":768,"url":"https:\/\/koalicjapolnoc.pl\/wp-content\/uploads\/imagec38bad85253d48649d0a16e28f82bcb0.png","type":"image\/png"}],"author":"El\u017cbieta Szczepa\u0144ska","twitter_card":"summary_large_image","twitter_misc":{"Scris de":"El\u017cbieta Szczepa\u0144ska","Timp estimat pentru citire":"4 minute"},"schema":{"@context":"https:\/\/schema.org","@graph":[{"@type":"WebPage","@id":"https:\/\/koalicjapolnoc.pl\/jak-sie-ubrac-na-grilla-praktyczne-porady\/","url":"https:\/\/koalicjapolnoc.pl\/jak-sie-ubrac-na-grilla-praktyczne-porady\/","name":"Jak si\u0119 ubra\u0107 na grilla? Praktyczne porady na ka\u017cd\u0105 okazj\u0119","isPartOf":{"@id":"https:\/\/koalicjapolnoc.pl\/#website"},"primaryImageOfPage":{"@id":"https:\/\/koalicjapolnoc.pl\/jak-sie-ubrac-na-grilla-praktyczne-porady\/#primaryimage"},"image":{"@id":"https:\/\/koalicjapolnoc.pl\/jak-sie-ubrac-na-grilla-praktyczne-porady\/#primaryimage"},"thumbnailUrl":"https:\/\/koalicjapolnoc.pl\/wp-content\/uploads\/imagec38bad85253d48649d0a16e28f82bcb0.png","datePublished":"2024-11-23T00:00:00+00:00","dateModified":"2024-11-23T00:00:00+00:00","author":{"@id":"https:\/\/koalicjapolnoc.pl\/#\/schema\/person\/7d47e60bd3ee98cb2c276d958285d1bb"},"description":"Odkryj, jak dobra\u0107 idealne ubranie na grilla! Praktyczne porady dotycz\u0105ce stylu, akcesori\u00f3w i warunk\u00f3w pogodowych.","breadcrumb":{"@id":"https:\/\/koalicjapolnoc.pl\/jak-sie-ubrac-na-grilla-praktyczne-porady\/#breadcrumb"},"inLanguage":"ro-RO","potentialAction":[{"@type":"ReadAction","target":["https:\/\/koalicjapolnoc.pl\/jak-sie-ubrac-na-grilla-praktyczne-porady\/"]}]},{"@type":"ImageObject","inLanguage":"ro-RO","@id":"https:\/\/koalicjapolnoc.pl\/jak-sie-ubrac-na-grilla-praktyczne-porady\/#primaryimage","url":"https:\/\/koalicjapolnoc.pl\/wp-content\/uploads\/imagec38bad85253d48649d0a16e28f82bcb0.png","contentUrl":"https:\/\/koalicjapolnoc.pl\/wp-content\/uploads\/imagec38bad85253d48649d0a16e28f82bcb0.png","width":1024,"height":768},{"@type":"BreadcrumbList","@id":"https:\/\/koalicjapolnoc.pl\/jak-sie-ubrac-na-grilla-praktyczne-porady\/#breadcrumb","itemListElement":[{"@type":"ListItem","position":1,"name":"Home","item":"https:\/\/koalicjapolnoc.pl\/"},{"@type":"ListItem","position":2,"name":"Jak si\u0119 ubra\u0107 na grilla? Praktyczne porady"}]},{"@type":"WebSite","@id":"https:\/\/koalicjapolnoc.pl\/#website","url":"https:\/\/koalicjapolnoc.pl\/","name":"koalicjapolnoc.pl","description":"Moda na bluzy: styl, wygoda, historia.","potentialAction":[{"@type":"SearchAction","target":{"@type":"EntryPoint","urlTemplate":"https:\/\/koalicjapolnoc.pl\/?s={search_term_string}"},"query-input":"required name=search_term_string"}],"inLanguage":"ro-RO"},{"@type":"Person","@id":"https:\/\/koalicjapolnoc.pl\/#\/schema\/person\/7d47e60bd3ee98cb2c276d958285d1bb","name":"El\u017cbieta Szczepa\u0144ska","image":{"@type":"ImageObject","inLanguage":"ro-RO","@id":"https:\/\/koalicjapolnoc.pl\/#\/schema\/person\/image\/","url":"https:\/\/koalicjapolnoc.pl\/wp-content\/uploads\/pixinllhbw7_ad_avatar-96x96.jpg","contentUrl":"https:\/\/koalicjapolnoc.pl\/wp-content\/uploads\/pixinllhbw7_ad_avatar-96x96.jpg","caption":"El\u017cbieta Szczepa\u0144ska"},"description":"Jestem El\u017cbieta Szczepa\u0144ska, projektantka mody z wieloletnim do\u015bwiadczeniem w bran\u017cy. Tworzy\u0142am kolekcje dla presti\u017cowych marek, wsp\u00f3\u0142pracowa\u0142am z magazynami. Moj\u0105 misj\u0105 jest inspirowanie innych do odkrywania w\u0142asnego stylu i \u015bwiadomych wybor\u00f3w w modzie.","url":"https:\/\/koalicjapolnoc.pl\/ro\/author\/elzbieta-szczepanska\/"}]}},"yoast_meta":{"yoast_wpseo_title":"","yoast_wpseo_metadesc":"","yoast_wpseo_canonical":"https:\/\/koalicjapolnoc.pl\/ro\/wp-json\/wp\/v2\/posts\/227"},"_links":{"self":[{"href":"https:\/\/koalicjapolnoc.pl\/ro\/wp-json\/wp\/v2\/posts\/227","targetHints":{"allow":["GET"]}}],"collection":[{"href":"https:\/\/koalicjapolnoc.pl\/ro\/wp-json\/wp\/v2\/posts"}],"about":[{"href":"https:\/\/koalicjapolnoc.pl\/ro\/wp-json\/wp\/v2\/types\/post"}],"author":[{"embeddable":true,"href":"https:\/\/koalicjapolnoc.pl\/ro\/wp-json\/wp\/v2\/users\/1"}],"replies":[{"embeddable":true,"href":"https:\/\/koalicjapolnoc.pl\/ro\/wp-json\/wp\/v2\/comments?post=227"}],"version-history":[{"count":1,"href":"https:\/\/koalicjapolnoc.pl\/ro\/wp-json\/wp\/v2\/posts\/227\/revisions"}],"predecessor-version":[{"id":250,"href":"https:\/\/koalicjapolnoc.pl\/ro\/wp-json\/wp\/v2\/posts\/227\/revisions\/250"}],"wp:featuredmedia":[{"embeddable":true,"href":"https:\/\/koalicjapolnoc.pl\/ro\/wp-json\/wp\/v2\/media\/192"}],"wp:attachment":[{"href":"https:\/\/koalicjapolnoc.pl\/ro\/wp-json\/wp\/v2\/media?parent=227"}],"wp:term":[{"taxonomy":"category","embeddable":true,"href":"https:\/\/koalicjapolnoc.pl\/ro\/wp-json\/wp\/v2\/categories?post=227"},{"taxonomy":"post_tag","embeddable":true,"href":"https:\/\/koalicjapolnoc.pl\/ro\/wp-json\/wp\/v2\/tags?post=227"}],"curies":[{"name":"wp","href":"https:\/\/api.w.org\/{rel}","templated":true}]}}