{"id":229,"date":"2024-11-23T00:00:00","date_gmt":"2024-11-23T00:00:00","guid":{"rendered":"https:\/\/koalicjapolnoc.pl\/?p=229"},"modified":"2024-11-23T00:00:00","modified_gmt":"2024-11-23T00:00:00","slug":"eleganckie-spodnice-olowkowe-te-modele-to-hit-tej-jesieni","status":"publish","type":"post","link":"https:\/\/koalicjapolnoc.pl\/ro\/eleganckie-spodnice-olowkowe-te-modele-to-hit-tej-jesieni\/","title":{"rendered":"Fuste creion elegante \u2013 aceste modele sunt un succes \u00een aceast\u0103 toamn\u0103!"},"content":{"rendered":"<div class=\"kk-star-ratings kksr-auto kksr-align-left kksr-valign-top\"\n    data-payload='{&quot;align&quot;:&quot;left&quot;,&quot;id&quot;:&quot;229&quot;,&quot;slug&quot;:&quot;default&quot;,&quot;valign&quot;:&quot;top&quot;,&quot;ignore&quot;:&quot;&quot;,&quot;reference&quot;:&quot;auto&quot;,&quot;class&quot;:&quot;&quot;,&quot;count&quot;:&quot;0&quot;,&quot;legendonly&quot;:&quot;&quot;,&quot;readonly&quot;:&quot;&quot;,&quot;score&quot;:&quot;0&quot;,&quot;starsonly&quot;:&quot;&quot;,&quot;best&quot;:&quot;5&quot;,&quot;gap&quot;:&quot;5&quot;,&quot;greet&quot;:&quot;&quot;,&quot;legend&quot;:&quot;0\\\/5 - (0 votes)&quot;,&quot;size&quot;:&quot;24&quot;,&quot;title&quot;:&quot;Eleganckie sp\u00f3dnice o\u0142\u00f3wkowe \u2013 te modele to hit tej jesieni!&quot;,&quot;width&quot;:&quot;0&quot;,&quot;_legend&quot;:&quot;{score}\\\/{best} - ({count} {votes})&quot;,&quot;font_factor&quot;:&quot;1.25&quot;}'>\n            \n<div class=\"kksr-stars\">\n    \n<div class=\"kksr-stars-inactive\">\n            <div class=\"kksr-star\" data-star=\"1\" style=\"padding-right: 5px\">\n            \n\n<div class=\"kksr-icon\" style=\"width: 24px; height: 24px;\"><\/div>\n        <\/div>\n            <div class=\"kksr-star\" data-star=\"2\" style=\"padding-right: 5px\">\n            \n\n<div class=\"kksr-icon\" style=\"width: 24px; height: 24px;\"><\/div>\n        <\/div>\n            <div class=\"kksr-star\" data-star=\"3\" style=\"padding-right: 5px\">\n            \n\n<div class=\"kksr-icon\" style=\"width: 24px; height: 24px;\"><\/div>\n        <\/div>\n            <div class=\"kksr-star\" data-star=\"4\" style=\"padding-right: 5px\">\n            \n\n<div class=\"kksr-icon\" style=\"width: 24px; height: 24px;\"><\/div>\n        <\/div>\n            <div class=\"kksr-star\" data-star=\"5\" style=\"padding-right: 5px\">\n            \n\n<div class=\"kksr-icon\" style=\"width: 24px; height: 24px;\"><\/div>\n        <\/div>\n    <\/div>\n    \n<div class=\"kksr-stars-active\" style=\"width: 0px;\">\n            <div class=\"kksr-star\" style=\"padding-right: 5px\">\n            \n\n<div class=\"kksr-icon\" style=\"width: 24px; height: 24px;\"><\/div>\n        <\/div>\n            <div class=\"kksr-star\" style=\"padding-right: 5px\">\n            \n\n<div class=\"kksr-icon\" style=\"width: 24px; height: 24px;\"><\/div>\n        <\/div>\n            <div class=\"kksr-star\" style=\"padding-right: 5px\">\n            \n\n<div class=\"kksr-icon\" style=\"width: 24px; height: 24px;\"><\/div>\n        <\/div>\n            <div class=\"kksr-star\" style=\"padding-right: 5px\">\n            \n\n<div class=\"kksr-icon\" style=\"width: 24px; height: 24px;\"><\/div>\n        <\/div>\n            <div class=\"kksr-star\" style=\"padding-right: 5px\">\n            \n\n<div class=\"kksr-icon\" style=\"width: 24px; height: 24px;\"><\/div>\n        <\/div>\n    <\/div>\n<\/div>\n                \n\n<div class=\"kksr-legend\" style=\"font-size: 19.2px;\">\n            <span class=\"kksr-muted\"><\/span>\n    <\/div>\n    <\/div>\n<p> Pe m\u0103sur\u0103 ce zilele se scurteaz\u0103, moda fustelor creion elegante c\u00e2\u0219tig\u0103 \u00een importan\u021b\u0103 \u0219i popularitate. Aceste piese vestimentare unice nu numai c\u0103 accentueaz\u0103 silueta, ci sunt \u0219i o modalitate excelent\u0103 de a-\u021bi exprima stilul. \u00cen acest sezon, mul\u021bi stili\u0219ti au decis s\u0103 apeleze la stiluri clasice care au c\u0103p\u0103tat o nou\u0103 via\u021b\u0103 \u00een interpret\u0103ri moderne. Merit\u0103 s\u0103 acorda\u021bi aten\u021bie variet\u0103\u021bii de modele \u0219i abord\u0103rii vizionare a designerilor care combin\u0103 tradi\u021bia cu tendin\u021bele actuale. \u00cen acest articol, ve\u021bi afla ce culori, modele \u0219i materiale vor domina \u0219i cum s\u0103 stiliza\u021bi fustele creion pentru diferite ocazii. Preg\u0103ti\u021bi-v\u0103 pentru o toamn\u0103 plin\u0103 de stil \u0219i elegan\u021b\u0103! <\/p>\n<h2>Culori \u0219i modele la mod\u0103<\/h2>\n<p><img decoding=\"async\" alt=\"U\u015bmiechni\u0119ta kobieta w kwiecistej sp\u00f3dnicy spaceruje po kawiarnianym patio.\" src=\"https:\/\/koalicjapolnoc.pl\/wp-content\/uploads\/image6c4c0b21e623460c843e97af9be70025.png\"\/><\/p>\n<p> Toamna 2023 aduce o fuziune de culori \u0219i modele unice care \u00ee\u021bi vor revolu\u021biona garderoba. Printre nuan\u021bele dominante, vom g\u0103si at\u00e2t culori subtile, care pot fi u\u0219or combinate cu alte elemente vestimentare, c\u00e2t \u0219i combina\u021bii \u00eendr\u0103zne\u021be, atr\u0103g\u0103toare. Iat\u0103 c\u00e2teva dintre cele mai la mod\u0103 culori ale acestei toamne: <\/p>\n<ul>\n<li>Negru \u0219i bleumarin \u2013 un clasic care nu se demodeaz\u0103 niciodat\u0103.<\/li>\n<li>Nuan\u021be de gri \u2013 perfecte pentru un stil elegant de birou.<\/li>\n<li>Maro cald \u0219i vi\u0219iniu \u2013 alegeri mai \u00eendr\u0103zne\u021be pentru ie\u0219irile de sear\u0103.<\/li>\n<\/ul>\n<p> Un alt aspect important de luat \u00een considerare sunt modelele. Carourile, imprimeurile florale \u0219i formele geometrice sunt elemente care adaug\u0103 caracter oric\u0103rei fuste creion. Acestea pot fi asortate cu bluze sau pulovere simple pentru a crea aspectul perfect pentru diverse ocazii. Mai jos sunt exemple de modele \u0219i aplica\u021biile lor. <\/p>\n<table border=\"1\">\n<tr>\n<th>Model<\/th>\n<th>Stilizare<\/th>\n<\/tr>\n<tr>\n<td>Gril\u0103<\/td>\n<td>Perfect\u0103 pentru birou cu o c\u0103ma\u0219\u0103 alb\u0103.<\/td>\n<\/tr>\n<tr>\n<td>Imprimeu floral<\/td>\n<td>Se potrive\u0219te de minune cu un top delicat pentru o \u00eent\u00e2lnire.<\/td>\n<\/tr>\n<tr>\n<td>Forme geometrice<\/td>\n<td>Se potrive\u0219te unui look casual cu adida\u0219i la mod\u0103.<\/td>\n<\/tr>\n<\/table>\n<h2>Materiale \u0219i stiluri<\/h2>\n<p><img decoding=\"async\" alt=\"Modelka na wybiegu w zielonej sp\u00f3dnicy midi i czarnym topie podczas pokazu mody.\" src=\"https:\/\/koalicjapolnoc.pl\/wp-content\/uploads\/image0c7bf529ac3b4f848dc3ae08bc7a8725.png\"\/><\/p>\n<p> Factorul cheie al elegan\u021bei este calitatea materialelor folosite pentru confec\u021bionarea fustelor creion. \u00cen acest sezon, \u021bes\u0103turile care nu sunt doar elegante, ci \u0219i confortabile c\u00e2\u0219tig\u0103 popularitate. L\u00e2na este o alegere excelent\u0103 pentru zilele mai reci, \u00een timp ce pielea \u00eentoars\u0103 se potrive\u0219te bine \u00een stiluri mai sofisticate. Sinteticele cu o not\u0103 de elastan sunt alte op\u021biuni care merit\u0103 luate \u00een considerare, deoarece se adapteaz\u0103 perfect siluetei. Iat\u0103 o list\u0103 cu cele mai populare materiale: <\/p>\n<ul>\n<li>L\u00e2n\u0103 \u2013 perfect\u0103 pentru toamn\u0103, c\u0103lduroas\u0103 \u0219i elegant\u0103.<\/li>\n<li>Suede \u2013 un aspect luxos, perfect pentru ocazii speciale.<\/li>\n<li>Sintetice cu un amestec de elastan \u2013 confortabile \u0219i practice.<\/li>\n<\/ul>\n<p> C\u00e2nd vine vorba de stiluri, fustele creion elegante se caracterizeaz\u0103 printr-o varietate care va satisface nevoile fiec\u0103rei femei. Modelele clasice accentueaz\u0103 perfect silueta, \u00een timp ce fustele cu talie \u00eenalt\u0103 adaug\u0103 \u0219ic \u0219i elegan\u021b\u0103. \u00cen plus, stilurile asimetrice sunt o alegere excelent\u0103 pentru cele care doresc s\u0103 dep\u0103\u0219easc\u0103 tiparele obi\u0219nuite. <\/p>\n<h2>Stiluri pentru fiecare ocazie<\/h2>\n<p> Merit\u0103 s\u0103 ne amintim c\u0103 o fust\u0103 creion elegant\u0103 este incredibil de versatil\u0103. Poate fi aranjat\u0103 \u00eentr-o varietate de moduri, ceea ce o face un element indispensabil \u00een orice garderob\u0103. Iat\u0103 c\u00e2teva sugestii de stil pentru diferite ocazii: <\/p>\n<ul>\n<li><strong>Aranjarea stilului de birou<\/strong>Combina\u021bie cu o c\u0103ma\u0219\u0103 alb\u0103 \u0219i pantofi clasici cu toc \u00eenalt.<\/li>\n<li><strong>Aspect casual<\/strong>Asorteaz\u0103-l cu un pulover lejer \u0219i botine.<\/li>\n<li><strong>\u021ainut\u0103 de sear\u0103<\/strong>Bluz\u0103 din dantel\u0103 \u0219i accesorii elegante.<\/li>\n<\/ul>\n<h2>De ce merit\u0103 s\u0103 ai o fust\u0103 creion \u00een garderob\u0103?<\/h2>\n<p> Fustele creion elegante sunt un must-have \u00een garderoba oric\u0103rei femei. Ele scot \u00een eviden\u021b\u0103 silueta, adaug\u0103 clas\u0103 \u0219i, datorit\u0103 versatilit\u0103\u021bii lor, se vor potrivi \u00een multe situa\u021bii. Studiile arat\u0103 c\u0103 o fust\u0103 bine aleas\u0103 poate cre\u0219te \u00eencrederea \u00een sine \u0219i poate influen\u021ba modul \u00een care ceilal\u021bi te percep. Indiferent dac\u0103 mergi la serviciu, te \u00eent\u00e2lne\u0219ti cu prietenii sau la o cin\u0103 romantic\u0103, o fust\u0103 creion va fi mereu la locul ei. Este un adev\u0103rat simbol al elegan\u021bei feminine, pe care merit\u0103 s\u0103 o ai \u00een garderob\u0103. <\/p>\n<h2>Rezumat<\/h2>\n<p> Fustele creion elegante sunt cu siguran\u021b\u0103 un succes \u00een aceast\u0103 toamn\u0103. Datorit\u0103 variet\u0103\u021bii de culori, modele \u0219i materiale, fiecare femeie va g\u0103si ceva pentru ea \u00eens\u0103\u0219i. Indiferent de ocazie, o fust\u0103 creion \u00ee\u021bi va accentua perfect stilul individual \u0219i va ad\u0103uga \u00eencredere \u00een sine. Te \u00eencuraj\u0103m s\u0103 experimentezi cu diferite stiluri \u0219i s\u0103 te inspiri din tendin\u021bele actuale pentru a crea \u021binute unice pentru fiecare ocazie. <\/p>\n<h2>\u00centreb\u0103ri frecvente<\/h2>\n<ul>\n<li><strong>Ce pantofi se potrivesc cel mai bine cu o fust\u0103 creion?<\/strong>\n<ul>\n<li>Tocuri \u00eenalte clasice<\/li>\n<li>Ghete cu toc \u00eenalt p\u00e2n\u0103 la glezn\u0103<\/li>\n<li>Teni\u0219i pentru un look casual<\/li>\n<\/ul>\n<\/li>\n<li><strong>Se poate purta o fust\u0103 creion \u00een fiecare zi?<\/strong>\n<ul>\n<li>Da, asorteaz\u0103-l doar cu un pulover sau un tricou lejer.<\/li>\n<\/ul>\n<\/li>\n<li><strong>Ce accesorii s\u0103 alegi pentru o fust\u0103 creion?<\/strong>\n<ul>\n<li>Gen\u021bi elegante<\/li>\n<li>Bijuterii minimaliste<\/li>\n<li>Curea \u00een talie pentru o accentuare suplimentar\u0103 a siluetei<\/li>\n<\/ul>\n<\/li>\n<li><strong>\u00cen ce sezon sunt fustele creion cele mai la mod\u0103?<\/strong>\n<ul>\n<li>Fustele creion sunt la mod\u0103 tot timpul anului, dar sunt deosebit de populare toamna \u0219i prim\u0103vara.<\/li>\n<\/ul>\n<\/li>\n<\/ul>","protected":false},"excerpt":{"rendered":"<p>W miar\u0119 jak dni staj\u0105 si\u0119 coraz kr\u00f3tsze, moda na eleganckie sp\u00f3dnice o\u0142\u00f3wkowe zyskuje na znaczeniu i popularno\u015bci. Te wyj\u0105tkowe elementy ubrania nie tylko podkre\u015blaj\u0105<\/p>","protected":false},"author":1,"featured_media":182,"comment_status":"closed","ping_status":"closed","sticky":false,"template":"","format":"standard","meta":{"_acf_changed":false,"footnotes":""},"categories":[1],"tags":[],"class_list":["post-229","post","type-post","status-publish","format-standard","has-post-thumbnail","hentry","category-blog"],"acf":[],"yoast_head":"<!-- This site is optimized with the Yoast SEO plugin v23.2 - https:\/\/yoast.com\/wordpress\/plugins\/seo\/ -->\n<title>Eleganckie sp\u00f3dnice o\u0142\u00f3wkowe \u2013 odkryj trendy na jesie\u0144 2023!<\/title>\n<meta name=\"description\" content=\"Poznaj modne kolory, fasony i stylizacje eleganckich sp\u00f3dnic o\u0142\u00f3wkowych, kt\u00f3re b\u0119d\u0105 hitem tej jesieni!\" \/>\n<meta name=\"robots\" content=\"index, follow, max-snippet:-1, max-image-preview:large, max-video-preview:-1\" \/>\n<link rel=\"canonical\" href=\"https:\/\/koalicjapolnoc.pl\/ro\/eleganckie-spodnice-olowkowe-te-modele-to-hit-tej-jesieni\/\" \/>\n<meta property=\"og:locale\" content=\"ro_RO\" \/>\n<meta property=\"og:type\" content=\"article\" \/>\n<meta property=\"og:title\" content=\"Eleganckie sp\u00f3dnice o\u0142\u00f3wkowe \u2013 odkryj trendy na jesie\u0144 2023!\" \/>\n<meta property=\"og:description\" content=\"Poznaj modne kolory, fasony i stylizacje eleganckich sp\u00f3dnic o\u0142\u00f3wkowych, kt\u00f3re b\u0119d\u0105 hitem tej jesieni!\" \/>\n<meta property=\"og:url\" content=\"https:\/\/koalicjapolnoc.pl\/ro\/eleganckie-spodnice-olowkowe-te-modele-to-hit-tej-jesieni\/\" \/>\n<meta property=\"og:site_name\" content=\"koalicjapolnoc.pl\" \/>\n<meta property=\"article:published_time\" content=\"2024-11-23T00:00:00+00:00\" \/>\n<meta property=\"og:image\" content=\"https:\/\/koalicjapolnoc.pl\/wp-content\/uploads\/image132f7e36631c4271b03fc46d2a75ddce.png\" \/>\n\t<meta property=\"og:image:width\" content=\"1024\" \/>\n\t<meta property=\"og:image:height\" content=\"768\" \/>\n\t<meta property=\"og:image:type\" content=\"image\/png\" \/>\n<meta name=\"author\" content=\"El\u017cbieta Szczepa\u0144ska\" \/>\n<meta name=\"twitter:card\" content=\"summary_large_image\" \/>\n<meta name=\"twitter:label1\" content=\"Scris de\" \/>\n\t<meta name=\"twitter:data1\" content=\"El\u017cbieta Szczepa\u0144ska\" \/>\n\t<meta name=\"twitter:label2\" content=\"Timp estimat pentru citire\" \/>\n\t<meta name=\"twitter:data2\" content=\"4 minute\" \/>\n<script type=\"application\/ld+json\" class=\"yoast-schema-graph\">{\"@context\":\"https:\/\/schema.org\",\"@graph\":[{\"@type\":\"WebPage\",\"@id\":\"https:\/\/koalicjapolnoc.pl\/eleganckie-spodnice-olowkowe-te-modele-to-hit-tej-jesieni\/\",\"url\":\"https:\/\/koalicjapolnoc.pl\/eleganckie-spodnice-olowkowe-te-modele-to-hit-tej-jesieni\/\",\"name\":\"Eleganckie sp\u00f3dnice o\u0142\u00f3wkowe \u2013 odkryj trendy na jesie\u0144 2023!\",\"isPartOf\":{\"@id\":\"https:\/\/koalicjapolnoc.pl\/#website\"},\"primaryImageOfPage\":{\"@id\":\"https:\/\/koalicjapolnoc.pl\/eleganckie-spodnice-olowkowe-te-modele-to-hit-tej-jesieni\/#primaryimage\"},\"image\":{\"@id\":\"https:\/\/koalicjapolnoc.pl\/eleganckie-spodnice-olowkowe-te-modele-to-hit-tej-jesieni\/#primaryimage\"},\"thumbnailUrl\":\"https:\/\/koalicjapolnoc.pl\/wp-content\/uploads\/image132f7e36631c4271b03fc46d2a75ddce.png\",\"datePublished\":\"2024-11-23T00:00:00+00:00\",\"dateModified\":\"2024-11-23T00:00:00+00:00\",\"author\":{\"@id\":\"https:\/\/koalicjapolnoc.pl\/#\/schema\/person\/7d47e60bd3ee98cb2c276d958285d1bb\"},\"description\":\"Poznaj modne kolory, fasony i stylizacje eleganckich sp\u00f3dnic o\u0142\u00f3wkowych, kt\u00f3re b\u0119d\u0105 hitem tej jesieni!\",\"breadcrumb\":{\"@id\":\"https:\/\/koalicjapolnoc.pl\/eleganckie-spodnice-olowkowe-te-modele-to-hit-tej-jesieni\/#breadcrumb\"},\"inLanguage\":\"ro-RO\",\"potentialAction\":[{\"@type\":\"ReadAction\",\"target\":[\"https:\/\/koalicjapolnoc.pl\/eleganckie-spodnice-olowkowe-te-modele-to-hit-tej-jesieni\/\"]}]},{\"@type\":\"ImageObject\",\"inLanguage\":\"ro-RO\",\"@id\":\"https:\/\/koalicjapolnoc.pl\/eleganckie-spodnice-olowkowe-te-modele-to-hit-tej-jesieni\/#primaryimage\",\"url\":\"https:\/\/koalicjapolnoc.pl\/wp-content\/uploads\/image132f7e36631c4271b03fc46d2a75ddce.png\",\"contentUrl\":\"https:\/\/koalicjapolnoc.pl\/wp-content\/uploads\/image132f7e36631c4271b03fc46d2a75ddce.png\",\"width\":1024,\"height\":768},{\"@type\":\"BreadcrumbList\",\"@id\":\"https:\/\/koalicjapolnoc.pl\/eleganckie-spodnice-olowkowe-te-modele-to-hit-tej-jesieni\/#breadcrumb\",\"itemListElement\":[{\"@type\":\"ListItem\",\"position\":1,\"name\":\"Home\",\"item\":\"https:\/\/koalicjapolnoc.pl\/\"},{\"@type\":\"ListItem\",\"position\":2,\"name\":\"Eleganckie sp\u00f3dnice o\u0142\u00f3wkowe \u2013 te modele to hit tej jesieni!\"}]},{\"@type\":\"WebSite\",\"@id\":\"https:\/\/koalicjapolnoc.pl\/#website\",\"url\":\"https:\/\/koalicjapolnoc.pl\/\",\"name\":\"koalicjapolnoc.pl\",\"description\":\"Moda na bluzy: styl, wygoda, historia.\",\"potentialAction\":[{\"@type\":\"SearchAction\",\"target\":{\"@type\":\"EntryPoint\",\"urlTemplate\":\"https:\/\/koalicjapolnoc.pl\/?s={search_term_string}\"},\"query-input\":\"required name=search_term_string\"}],\"inLanguage\":\"ro-RO\"},{\"@type\":\"Person\",\"@id\":\"https:\/\/koalicjapolnoc.pl\/#\/schema\/person\/7d47e60bd3ee98cb2c276d958285d1bb\",\"name\":\"El\u017cbieta Szczepa\u0144ska\",\"image\":{\"@type\":\"ImageObject\",\"inLanguage\":\"ro-RO\",\"@id\":\"https:\/\/koalicjapolnoc.pl\/#\/schema\/person\/image\/\",\"url\":\"https:\/\/koalicjapolnoc.pl\/wp-content\/uploads\/pixinllhbw7_ad_avatar-96x96.jpg\",\"contentUrl\":\"https:\/\/koalicjapolnoc.pl\/wp-content\/uploads\/pixinllhbw7_ad_avatar-96x96.jpg\",\"caption\":\"El\u017cbieta Szczepa\u0144ska\"},\"description\":\"Jestem El\u017cbieta Szczepa\u0144ska, projektantka mody z wieloletnim do\u015bwiadczeniem w bran\u017cy. Tworzy\u0142am kolekcje dla presti\u017cowych marek, wsp\u00f3\u0142pracowa\u0142am z magazynami. Moj\u0105 misj\u0105 jest inspirowanie innych do odkrywania w\u0142asnego stylu i \u015bwiadomych wybor\u00f3w w modzie.\",\"url\":\"https:\/\/koalicjapolnoc.pl\/ro\/author\/elzbieta-szczepanska\/\"}]}<\/script>\n<!-- \/ Yoast SEO plugin. -->","yoast_head_json":{"title":"Eleganckie sp\u00f3dnice o\u0142\u00f3wkowe \u2013 odkryj trendy na jesie\u0144 2023!","description":"Poznaj modne kolory, fasony i stylizacje eleganckich sp\u00f3dnic o\u0142\u00f3wkowych, kt\u00f3re b\u0119d\u0105 hitem tej jesieni!","robots":{"index":"index","follow":"follow","max-snippet":"max-snippet:-1","max-image-preview":"max-image-preview:large","max-video-preview":"max-video-preview:-1"},"canonical":"https:\/\/koalicjapolnoc.pl\/ro\/eleganckie-spodnice-olowkowe-te-modele-to-hit-tej-jesieni\/","og_locale":"ro_RO","og_type":"article","og_title":"Eleganckie sp\u00f3dnice o\u0142\u00f3wkowe \u2013 odkryj trendy na jesie\u0144 2023!","og_description":"Poznaj modne kolory, fasony i stylizacje eleganckich sp\u00f3dnic o\u0142\u00f3wkowych, kt\u00f3re b\u0119d\u0105 hitem tej jesieni!","og_url":"https:\/\/koalicjapolnoc.pl\/ro\/eleganckie-spodnice-olowkowe-te-modele-to-hit-tej-jesieni\/","og_site_name":"koalicjapolnoc.pl","article_published_time":"2024-11-23T00:00:00+00:00","og_image":[{"width":1024,"height":768,"url":"https:\/\/koalicjapolnoc.pl\/wp-content\/uploads\/image132f7e36631c4271b03fc46d2a75ddce.png","type":"image\/png"}],"author":"El\u017cbieta Szczepa\u0144ska","twitter_card":"summary_large_image","twitter_misc":{"Scris de":"El\u017cbieta Szczepa\u0144ska","Timp estimat pentru citire":"4 minute"},"schema":{"@context":"https:\/\/schema.org","@graph":[{"@type":"WebPage","@id":"https:\/\/koalicjapolnoc.pl\/eleganckie-spodnice-olowkowe-te-modele-to-hit-tej-jesieni\/","url":"https:\/\/koalicjapolnoc.pl\/eleganckie-spodnice-olowkowe-te-modele-to-hit-tej-jesieni\/","name":"Eleganckie sp\u00f3dnice o\u0142\u00f3wkowe \u2013 odkryj trendy na jesie\u0144 2023!","isPartOf":{"@id":"https:\/\/koalicjapolnoc.pl\/#website"},"primaryImageOfPage":{"@id":"https:\/\/koalicjapolnoc.pl\/eleganckie-spodnice-olowkowe-te-modele-to-hit-tej-jesieni\/#primaryimage"},"image":{"@id":"https:\/\/koalicjapolnoc.pl\/eleganckie-spodnice-olowkowe-te-modele-to-hit-tej-jesieni\/#primaryimage"},"thumbnailUrl":"https:\/\/koalicjapolnoc.pl\/wp-content\/uploads\/image132f7e36631c4271b03fc46d2a75ddce.png","datePublished":"2024-11-23T00:00:00+00:00","dateModified":"2024-11-23T00:00:00+00:00","author":{"@id":"https:\/\/koalicjapolnoc.pl\/#\/schema\/person\/7d47e60bd3ee98cb2c276d958285d1bb"},"description":"Poznaj modne kolory, fasony i stylizacje eleganckich sp\u00f3dnic o\u0142\u00f3wkowych, kt\u00f3re b\u0119d\u0105 hitem tej jesieni!","breadcrumb":{"@id":"https:\/\/koalicjapolnoc.pl\/eleganckie-spodnice-olowkowe-te-modele-to-hit-tej-jesieni\/#breadcrumb"},"inLanguage":"ro-RO","potentialAction":[{"@type":"ReadAction","target":["https:\/\/koalicjapolnoc.pl\/eleganckie-spodnice-olowkowe-te-modele-to-hit-tej-jesieni\/"]}]},{"@type":"ImageObject","inLanguage":"ro-RO","@id":"https:\/\/koalicjapolnoc.pl\/eleganckie-spodnice-olowkowe-te-modele-to-hit-tej-jesieni\/#primaryimage","url":"https:\/\/koalicjapolnoc.pl\/wp-content\/uploads\/image132f7e36631c4271b03fc46d2a75ddce.png","contentUrl":"https:\/\/koalicjapolnoc.pl\/wp-content\/uploads\/image132f7e36631c4271b03fc46d2a75ddce.png","width":1024,"height":768},{"@type":"BreadcrumbList","@id":"https:\/\/koalicjapolnoc.pl\/eleganckie-spodnice-olowkowe-te-modele-to-hit-tej-jesieni\/#breadcrumb","itemListElement":[{"@type":"ListItem","position":1,"name":"Home","item":"https:\/\/koalicjapolnoc.pl\/"},{"@type":"ListItem","position":2,"name":"Eleganckie sp\u00f3dnice o\u0142\u00f3wkowe \u2013 te modele to hit tej jesieni!"}]},{"@type":"WebSite","@id":"https:\/\/koalicjapolnoc.pl\/#website","url":"https:\/\/koalicjapolnoc.pl\/","name":"koalicjapolnoc.pl","description":"Moda na bluzy: styl, wygoda, historia.","potentialAction":[{"@type":"SearchAction","target":{"@type":"EntryPoint","urlTemplate":"https:\/\/koalicjapolnoc.pl\/?s={search_term_string}"},"query-input":"required name=search_term_string"}],"inLanguage":"ro-RO"},{"@type":"Person","@id":"https:\/\/koalicjapolnoc.pl\/#\/schema\/person\/7d47e60bd3ee98cb2c276d958285d1bb","name":"El\u017cbieta Szczepa\u0144ska","image":{"@type":"ImageObject","inLanguage":"ro-RO","@id":"https:\/\/koalicjapolnoc.pl\/#\/schema\/person\/image\/","url":"https:\/\/koalicjapolnoc.pl\/wp-content\/uploads\/pixinllhbw7_ad_avatar-96x96.jpg","contentUrl":"https:\/\/koalicjapolnoc.pl\/wp-content\/uploads\/pixinllhbw7_ad_avatar-96x96.jpg","caption":"El\u017cbieta Szczepa\u0144ska"},"description":"Jestem El\u017cbieta Szczepa\u0144ska, projektantka mody z wieloletnim do\u015bwiadczeniem w bran\u017cy. Tworzy\u0142am kolekcje dla presti\u017cowych marek, wsp\u00f3\u0142pracowa\u0142am z magazynami. Moj\u0105 misj\u0105 jest inspirowanie innych do odkrywania w\u0142asnego stylu i \u015bwiadomych wybor\u00f3w w modzie.","url":"https:\/\/koalicjapolnoc.pl\/ro\/author\/elzbieta-szczepanska\/"}]}},"yoast_meta":{"yoast_wpseo_title":"","yoast_wpseo_metadesc":"","yoast_wpseo_canonical":"https:\/\/koalicjapolnoc.pl\/ro\/wp-json\/wp\/v2\/posts\/229"},"_links":{"self":[{"href":"https:\/\/koalicjapolnoc.pl\/ro\/wp-json\/wp\/v2\/posts\/229","targetHints":{"allow":["GET"]}}],"collection":[{"href":"https:\/\/koalicjapolnoc.pl\/ro\/wp-json\/wp\/v2\/posts"}],"about":[{"href":"https:\/\/koalicjapolnoc.pl\/ro\/wp-json\/wp\/v2\/types\/post"}],"author":[{"embeddable":true,"href":"https:\/\/koalicjapolnoc.pl\/ro\/wp-json\/wp\/v2\/users\/1"}],"replies":[{"embeddable":true,"href":"https:\/\/koalicjapolnoc.pl\/ro\/wp-json\/wp\/v2\/comments?post=229"}],"version-history":[{"count":1,"href":"https:\/\/koalicjapolnoc.pl\/ro\/wp-json\/wp\/v2\/posts\/229\/revisions"}],"predecessor-version":[{"id":251,"href":"https:\/\/koalicjapolnoc.pl\/ro\/wp-json\/wp\/v2\/posts\/229\/revisions\/251"}],"wp:featuredmedia":[{"embeddable":true,"href":"https:\/\/koalicjapolnoc.pl\/ro\/wp-json\/wp\/v2\/media\/182"}],"wp:attachment":[{"href":"https:\/\/koalicjapolnoc.pl\/ro\/wp-json\/wp\/v2\/media?parent=229"}],"wp:term":[{"taxonomy":"category","embeddable":true,"href":"https:\/\/koalicjapolnoc.pl\/ro\/wp-json\/wp\/v2\/categories?post=229"},{"taxonomy":"post_tag","embeddable":true,"href":"https:\/\/koalicjapolnoc.pl\/ro\/wp-json\/wp\/v2\/tags?post=229"}],"curies":[{"name":"wp","href":"https:\/\/api.w.org\/{rel}","templated":true}]}}