{"id":231,"date":"2024-11-23T00:00:00","date_gmt":"2024-11-23T00:00:00","guid":{"rendered":"https:\/\/koalicjapolnoc.pl\/?p=231"},"modified":"2024-11-23T00:00:00","modified_gmt":"2024-11-23T00:00:00","slug":"brak-wciecia-w-talii-jak-sie-ubierac-by-wygladac-kobieco","status":"publish","type":"post","link":"https:\/\/koalicjapolnoc.pl\/ro\/brak-wciecia-w-talii-jak-sie-ubierac-by-wygladac-kobieco\/","title":{"rendered":"F\u0103r\u0103 talie \u2013 cum s\u0103 te \u00eembraci pentru a ar\u0103ta feminin?"},"content":{"rendered":"<div class=\"kk-star-ratings kksr-auto kksr-align-left kksr-valign-top\"\n    data-payload='{&quot;align&quot;:&quot;left&quot;,&quot;id&quot;:&quot;231&quot;,&quot;slug&quot;:&quot;default&quot;,&quot;valign&quot;:&quot;top&quot;,&quot;ignore&quot;:&quot;&quot;,&quot;reference&quot;:&quot;auto&quot;,&quot;class&quot;:&quot;&quot;,&quot;count&quot;:&quot;0&quot;,&quot;legendonly&quot;:&quot;&quot;,&quot;readonly&quot;:&quot;&quot;,&quot;score&quot;:&quot;0&quot;,&quot;starsonly&quot;:&quot;&quot;,&quot;best&quot;:&quot;5&quot;,&quot;gap&quot;:&quot;5&quot;,&quot;greet&quot;:&quot;&quot;,&quot;legend&quot;:&quot;0\\\/5 - (0 votes)&quot;,&quot;size&quot;:&quot;24&quot;,&quot;title&quot;:&quot;Brak wci\u0119cia w talii \u2013 jak si\u0119 ubiera\u0107, by wygl\u0105da\u0107 kobieco?&quot;,&quot;width&quot;:&quot;0&quot;,&quot;_legend&quot;:&quot;{score}\\\/{best} - ({count} {votes})&quot;,&quot;font_factor&quot;:&quot;1.25&quot;}'>\n            \n<div class=\"kksr-stars\">\n    \n<div class=\"kksr-stars-inactive\">\n            <div class=\"kksr-star\" data-star=\"1\" style=\"padding-right: 5px\">\n            \n\n<div class=\"kksr-icon\" style=\"width: 24px; height: 24px;\"><\/div>\n        <\/div>\n            <div class=\"kksr-star\" data-star=\"2\" style=\"padding-right: 5px\">\n            \n\n<div class=\"kksr-icon\" style=\"width: 24px; height: 24px;\"><\/div>\n        <\/div>\n            <div class=\"kksr-star\" data-star=\"3\" style=\"padding-right: 5px\">\n            \n\n<div class=\"kksr-icon\" style=\"width: 24px; height: 24px;\"><\/div>\n        <\/div>\n            <div class=\"kksr-star\" data-star=\"4\" style=\"padding-right: 5px\">\n            \n\n<div class=\"kksr-icon\" style=\"width: 24px; height: 24px;\"><\/div>\n        <\/div>\n            <div class=\"kksr-star\" data-star=\"5\" style=\"padding-right: 5px\">\n            \n\n<div class=\"kksr-icon\" style=\"width: 24px; height: 24px;\"><\/div>\n        <\/div>\n    <\/div>\n    \n<div class=\"kksr-stars-active\" style=\"width: 0px;\">\n            <div class=\"kksr-star\" style=\"padding-right: 5px\">\n            \n\n<div class=\"kksr-icon\" style=\"width: 24px; height: 24px;\"><\/div>\n        <\/div>\n            <div class=\"kksr-star\" style=\"padding-right: 5px\">\n            \n\n<div class=\"kksr-icon\" style=\"width: 24px; height: 24px;\"><\/div>\n        <\/div>\n            <div class=\"kksr-star\" style=\"padding-right: 5px\">\n            \n\n<div class=\"kksr-icon\" style=\"width: 24px; height: 24px;\"><\/div>\n        <\/div>\n            <div class=\"kksr-star\" style=\"padding-right: 5px\">\n            \n\n<div class=\"kksr-icon\" style=\"width: 24px; height: 24px;\"><\/div>\n        <\/div>\n            <div class=\"kksr-star\" style=\"padding-right: 5px\">\n            \n\n<div class=\"kksr-icon\" style=\"width: 24px; height: 24px;\"><\/div>\n        <\/div>\n    <\/div>\n<\/div>\n                \n\n<div class=\"kksr-legend\" style=\"font-size: 19.2px;\">\n            <span class=\"kksr-muted\"><\/span>\n    <\/div>\n    <\/div>\n<p>Persoanele care nu au o talie natural\u0103 se \u00eentreab\u0103 adesea cum s\u0103-\u0219i adapteze stilul la silueta lor pentru a ar\u0103ta atractive \u0219i feminine. Aspectul nostru are adesea un impact uria\u0219 asupra bun\u0103st\u0103rii \u0219i \u00eencrederii \u00een sine. Scopul acestui articol este de a oferi sfaturi practice despre \u00eembr\u0103c\u0103minte care vor ajuta la sublinierea avantajelor siluetei, \u00een timp ce c\u0103ut\u0103m \u021binute care creeaz\u0103 impresia de feminitate. Vom prezenta cele mai bune stiluri de haine, precum \u0219i sfaturi despre culori \u0219i accesorii care vor completa perfect orice stil. Cu aceste informa\u021bii, fiecare femeie va putea crea combina\u021bii care \u00eei vor sublinia frumuse\u021bea \u0219i stilul individual.<\/p>\n<h2>\u00cen\u021belegerea lipsei de talie<\/h2>\n<p><img decoding=\"async\" alt=\"Kobieta w bia\u0142ej koszuli i d\u017cinsach stoi przed szaf\u0105 z ubraniami w pastelowych kolorach.\" src=\"https:\/\/koalicjapolnoc.pl\/wp-content\/uploads\/image1cb9999cb9e84af0b01e868e3a572337.png\"\/><\/p>\n<p>Lipsa taliei este o problem\u0103 adesea \u00een\u021beleas\u0103 gre\u0219it. \u00cen loc s\u0103 o vedem ca pe un defect, merit\u0103 s\u0103 ne concentr\u0103m asupra modului \u00een care putem folosi aceast\u0103 caracteristic\u0103 pentru a crea stiluri fenomenale. Aceste tipuri de siluete arat\u0103 bine \u00een anumite stiluri \u0219i culori care le pot oferi lejeritate \u0219i armonie. Este demn de remarcat, \u00eens\u0103, c\u0103 cel mai important lucru este s\u0103 ne accept\u0103m corpul \u0219i s\u0103 alegem haine care s\u0103 ne fac\u0103 ferici\u021bi. Senza\u021bia de confort ar trebui s\u0103 fie o prioritate \u00een toate alegerile vestimentare. Cunoa\u0219terea punctelor forte este cheia succesului \u00een styling.<\/p>\n<h2>Alegerea stilurilor potrivite<\/h2>\n<p><img decoding=\"async\" alt=\"Dwie kobiety w eleganckich, be\u017cowych sukienkach w jasnym pokoju, jedna poprawia pasek.\" src=\"https:\/\/koalicjapolnoc.pl\/wp-content\/uploads\/image9605f2fe07cf4aafb85515d4063f822f.png\"\/><\/p>\n<p>Un stil vestimentar bine ales poate \u00eembun\u0103t\u0103\u021bi semnificativ silueta, subliniind cele mai bune aspecte ale acesteia. Iat\u0103 c\u00e2teva sugestii de stiluri care vor fi perfecte pentru persoanele c\u0103rora le lipse\u0219te talia:<\/p>\n<ul>\n<li><strong>Rochii cu linie A:<\/strong> Datorit\u0103 fundului evazat, aceste modele ascund eficient imperfec\u021biunile \u0219i scot \u00een eviden\u021b\u0103 \u0219oldurile frumoase.<\/li>\n<li><strong>Fuste cu talie \u00eenalt\u0103:<\/strong> Acestea creeaz\u0103 iluzia unei talii mai sub\u021biri \u0219i alungesc picioarele.<\/li>\n<li><strong>Bluze cu decolteu \u00een V:<\/strong> Acestea alungesc propor\u021bional silueta \u0219i concentreaz\u0103 aten\u021bia asupra p\u0103r\u021bii superioare a corpului.<\/li>\n<\/ul>\n<p>Atunci c\u00e2nd alegi rochii \u0219i fuste, merit\u0103 s\u0103 adaugi \u00een garderob\u0103 modele care \u00ee\u021bi pun c\u00e2t mai bine \u00een valoare atuurile. O rochie \u00een linie A este, f\u0103r\u0103 \u00eendoial\u0103, o adev\u0103rat\u0103 atrac\u021bie. Draparea potrivit\u0103 \u00een jurul taliei poate ascunde eficient orice imperfec\u021biune, f\u0103c\u00e2nd silueta s\u0103 par\u0103 mai gra\u021bioas\u0103. Merit\u0103 s\u0103 fii atent\u0103 la faptul c\u0103 lungimea fustei nu trebuie s\u0103 fie mai scurt\u0103 dec\u00e2t p\u00e2n\u0103 la genunchi, deoarece modelele mai scurte pot accentua lipsa taliei.<\/p>\n<h2>Culori \u0219i modele care \u00ee\u021bi scot \u00een eviden\u021b\u0103 silueta<\/h2>\n<p>Paleta potrivit\u0103 de culori \u0219i modele este crucial\u0103 \u00een construirea unei imagini feminine. Culorile mai \u00eenchise au propriet\u0103\u021bi de sub\u021biere, ceea ce le face s\u0103 merite s\u0103 fie introduse constant \u00een garderob\u0103. Culori precum bleumarin, negru sau gri pot modela optic silueta. Totu\u0219i, pentru a evita monotonia, merit\u0103 s\u0103 te concentrezi \u0219i pe accente str\u0103lucitoare care adaug\u0103 energie \u0219i prospe\u021bime stilului. Modelele interesante, precum dungile verticale, pot face minuni \u0219i ele pentru aspectul general.<\/p>\n<p>S\u0103 ne uit\u0103m la cele mai populare culori \u0219i la impactul lor asupra siluetei:<\/p>\n<table border=\"1\">\n<tr>\n<th>Culoare<\/th>\n<th>Efect<\/th>\n<\/tr>\n<tr>\n<td>\u00centuneric<\/td>\n<td>Sub\u021biere optic\u0103<\/td>\n<\/tr>\n<tr>\n<td>Luminos<\/td>\n<td>\u00ce\u021bi ofer\u0103 energie<\/td>\n<\/tr>\n<tr>\n<td>Dungi verticale<\/td>\n<td>Alunge\u0219te silueta<\/td>\n<\/tr>\n<\/table>\n<h2>Accesorii care pun \u00een valoare feminitatea<\/h2>\n<p>Nu po\u021bi uita de accesorii, care completeaz\u0103 orice stil vestimentar. Accesoriile atent selectate pot face minuni, atr\u0103g\u00e2nd aten\u021bia acolo unde este cel mai dorit\u0103. Merit\u0103 s\u0103 alegi elemente care creeaz\u0103 iluzia unei croieli, cum ar fi curelele \u00een jurul taliei. Argument\u00e2nd pu\u021bin mai mult, decora\u021biunile de pe decolteu, colan\u021bii de culoarea pielii \u0219i gen\u021bile elegante pot da \u00eentregului ansamblu un caracter unic.<\/p>\n<p>\u00cen lumea modei, accesoriile pot fie s\u0103 \u00eembun\u0103t\u0103\u021beasc\u0103, fie s\u0103 strice o \u021binut\u0103. Iat\u0103 c\u00e2teva piese care merit\u0103 s\u0103 fie \u00een colec\u021bia ta:<\/p>\n<ul>\n<li><strong>Curele:<\/strong> De preferin\u021b\u0103 \u00eentr-o culoare contrastant\u0103 sau cu o textur\u0103 interesant\u0103.<\/li>\n<li><strong>Bijuterii:<\/strong> Accente aurii sau argintii care atrag aten\u021bia asupra fe\u021bei.<\/li>\n<li><strong>Gen\u021bi:<\/strong> M\u0103rimea \u0219i stilul potrivite pot ad\u0103uga clas\u0103 oric\u0103rei \u021binute.<\/li>\n<\/ul>\n<h2>Concluzii stilistice<\/h2>\n<p>Alegerea hainelor \u0219i accesoriilor potrivite este cheia succesului \u00een crearea de stiluri care pun accent pe feminitate. Fiecare persoan\u0103 ar trebui s\u0103-\u0219i aminteasc\u0103 faptul c\u0103 cel mai important lucru este bun\u0103starea \u0219i \u00eencrederea \u00een sine, iar stilul potrivit nu face dec\u00e2t s\u0103 sus\u021bin\u0103 aceste sentimente. Cunoa\u0219terea celor mai bune stiluri, culori \u0219i accesorii ne poate deschide noi posibilit\u0103\u021bi. Stilul ar trebui s\u0103 fie o reflectare a personalit\u0103\u021bii noastre, nu doar o \u00eencercare de a ne adapta la tipare. F\u0103c\u00e2ndu-ne s\u0103 ne sim\u021bim frumoase, putem purta cu m\u00e2ndrie orice haine.<\/p>\n<h2>\u00centreb\u0103ri frecvente<\/h2>\n<ul>\n<li><strong>Ce stiluri vestimentare sunt cele mai potrivite pentru persoanele f\u0103r\u0103 talie?<\/strong> Rochii \u00een linie A \u0219i modele drapate.<\/li>\n<li><strong>Ce culori ar trebui s\u0103 domine garderoba?<\/strong> Culorile \u00eenchise au un efect de sub\u021biere, dar merit\u0103 ad\u0103ugate \u0219i accente luminoase.<\/li>\n<li><strong>Bluzele trebuie neap\u0103rat s\u0103 fie mulate?<\/strong> Nu, bluzele mai lejere arat\u0103 adesea mai bine \u0219i sunt mai confortabile de purtat.<\/li>\n<li><strong>Ce accesorii subliniaz\u0103 cel mai bine feminitatea?<\/strong> Curelele, bijuteriile \u0219i gen\u021bile de m\u00e2n\u0103 \u00ee\u021bi pot \u00eembun\u0103t\u0103\u021bi cu adev\u0103rat stilul.<\/li>\n<li><strong>Care sunt cele mai importante reguli atunci c\u00e2nd alege\u021bi haine pentru o siluet\u0103 f\u0103r\u0103 talie?<\/strong> Accentueaz\u0103-\u021bi punctele forte, alege stilurile \u0219i culorile potrivite \u0219i folose\u0219te accesorii care \u00ee\u021bi contureaz\u0103 silueta.<\/li>\n<\/ul>","protected":false},"excerpt":{"rendered":"<p>Osoby, kt\u00f3re nie maj\u0105 naturalnego wci\u0119cia w talii, cz\u0119sto zastanawiaj\u0105 si\u0119, jak dostosowa\u0107 sw\u00f3j styl do sylwetki, aby prezentowa\u0107 si\u0119 atrakcyjnie i kobieco. Wygl\u0105d zewn\u0119trzny<\/p>","protected":false},"author":1,"featured_media":198,"comment_status":"closed","ping_status":"closed","sticky":false,"template":"","format":"standard","meta":{"_acf_changed":false,"footnotes":""},"categories":[1],"tags":[],"class_list":["post-231","post","type-post","status-publish","format-standard","has-post-thumbnail","hentry","category-blog"],"acf":[],"yoast_head":"<!-- This site is optimized with the Yoast SEO plugin v23.2 - https:\/\/yoast.com\/wordpress\/plugins\/seo\/ -->\n<title>Jak ubiera\u0107 si\u0119 kobieco, gdy brakuje wci\u0119cia w talii?<\/title>\n<meta name=\"description\" content=\"Odkryj najlepsze fasony, kolory i dodatki, kt\u00f3re podkre\u015bl\u0105 Twoje atuty i sprawi\u0105, \u017ce poczujesz si\u0119 pi\u0119knie i pewnie.\" \/>\n<meta name=\"robots\" content=\"index, follow, max-snippet:-1, max-image-preview:large, max-video-preview:-1\" \/>\n<link rel=\"canonical\" href=\"https:\/\/koalicjapolnoc.pl\/ro\/brak-wciecia-w-talii-jak-sie-ubierac-by-wygladac-kobieco\/\" \/>\n<meta property=\"og:locale\" content=\"ro_RO\" \/>\n<meta property=\"og:type\" content=\"article\" \/>\n<meta property=\"og:title\" content=\"Jak ubiera\u0107 si\u0119 kobieco, gdy brakuje wci\u0119cia w talii?\" \/>\n<meta property=\"og:description\" content=\"Odkryj najlepsze fasony, kolory i dodatki, kt\u00f3re podkre\u015bl\u0105 Twoje atuty i sprawi\u0105, \u017ce poczujesz si\u0119 pi\u0119knie i pewnie.\" \/>\n<meta property=\"og:url\" content=\"https:\/\/koalicjapolnoc.pl\/ro\/brak-wciecia-w-talii-jak-sie-ubierac-by-wygladac-kobieco\/\" \/>\n<meta property=\"og:site_name\" content=\"koalicjapolnoc.pl\" \/>\n<meta property=\"article:published_time\" content=\"2024-11-23T00:00:00+00:00\" \/>\n<meta property=\"og:image\" content=\"https:\/\/koalicjapolnoc.pl\/wp-content\/uploads\/image600176e0f1aa47918f2f5b7691a3d327.png\" \/>\n\t<meta property=\"og:image:width\" content=\"1024\" \/>\n\t<meta property=\"og:image:height\" content=\"768\" \/>\n\t<meta property=\"og:image:type\" content=\"image\/png\" \/>\n<meta name=\"author\" content=\"El\u017cbieta Szczepa\u0144ska\" \/>\n<meta name=\"twitter:card\" content=\"summary_large_image\" \/>\n<meta name=\"twitter:label1\" content=\"Scris de\" \/>\n\t<meta name=\"twitter:data1\" content=\"El\u017cbieta Szczepa\u0144ska\" \/>\n\t<meta name=\"twitter:label2\" content=\"Timp estimat pentru citire\" \/>\n\t<meta name=\"twitter:data2\" content=\"4 minute\" \/>\n<script type=\"application\/ld+json\" class=\"yoast-schema-graph\">{\"@context\":\"https:\/\/schema.org\",\"@graph\":[{\"@type\":\"WebPage\",\"@id\":\"https:\/\/koalicjapolnoc.pl\/brak-wciecia-w-talii-jak-sie-ubierac-by-wygladac-kobieco\/\",\"url\":\"https:\/\/koalicjapolnoc.pl\/brak-wciecia-w-talii-jak-sie-ubierac-by-wygladac-kobieco\/\",\"name\":\"Jak ubiera\u0107 si\u0119 kobieco, gdy brakuje wci\u0119cia w talii?\",\"isPartOf\":{\"@id\":\"https:\/\/koalicjapolnoc.pl\/#website\"},\"primaryImageOfPage\":{\"@id\":\"https:\/\/koalicjapolnoc.pl\/brak-wciecia-w-talii-jak-sie-ubierac-by-wygladac-kobieco\/#primaryimage\"},\"image\":{\"@id\":\"https:\/\/koalicjapolnoc.pl\/brak-wciecia-w-talii-jak-sie-ubierac-by-wygladac-kobieco\/#primaryimage\"},\"thumbnailUrl\":\"https:\/\/koalicjapolnoc.pl\/wp-content\/uploads\/image600176e0f1aa47918f2f5b7691a3d327.png\",\"datePublished\":\"2024-11-23T00:00:00+00:00\",\"dateModified\":\"2024-11-23T00:00:00+00:00\",\"author\":{\"@id\":\"https:\/\/koalicjapolnoc.pl\/#\/schema\/person\/7d47e60bd3ee98cb2c276d958285d1bb\"},\"description\":\"Odkryj najlepsze fasony, kolory i dodatki, kt\u00f3re podkre\u015bl\u0105 Twoje atuty i sprawi\u0105, \u017ce poczujesz si\u0119 pi\u0119knie i pewnie.\",\"breadcrumb\":{\"@id\":\"https:\/\/koalicjapolnoc.pl\/brak-wciecia-w-talii-jak-sie-ubierac-by-wygladac-kobieco\/#breadcrumb\"},\"inLanguage\":\"ro-RO\",\"potentialAction\":[{\"@type\":\"ReadAction\",\"target\":[\"https:\/\/koalicjapolnoc.pl\/brak-wciecia-w-talii-jak-sie-ubierac-by-wygladac-kobieco\/\"]}]},{\"@type\":\"ImageObject\",\"inLanguage\":\"ro-RO\",\"@id\":\"https:\/\/koalicjapolnoc.pl\/brak-wciecia-w-talii-jak-sie-ubierac-by-wygladac-kobieco\/#primaryimage\",\"url\":\"https:\/\/koalicjapolnoc.pl\/wp-content\/uploads\/image600176e0f1aa47918f2f5b7691a3d327.png\",\"contentUrl\":\"https:\/\/koalicjapolnoc.pl\/wp-content\/uploads\/image600176e0f1aa47918f2f5b7691a3d327.png\",\"width\":1024,\"height\":768},{\"@type\":\"BreadcrumbList\",\"@id\":\"https:\/\/koalicjapolnoc.pl\/brak-wciecia-w-talii-jak-sie-ubierac-by-wygladac-kobieco\/#breadcrumb\",\"itemListElement\":[{\"@type\":\"ListItem\",\"position\":1,\"name\":\"Home\",\"item\":\"https:\/\/koalicjapolnoc.pl\/\"},{\"@type\":\"ListItem\",\"position\":2,\"name\":\"Brak wci\u0119cia w talii \u2013 jak si\u0119 ubiera\u0107, by wygl\u0105da\u0107 kobieco?\"}]},{\"@type\":\"WebSite\",\"@id\":\"https:\/\/koalicjapolnoc.pl\/#website\",\"url\":\"https:\/\/koalicjapolnoc.pl\/\",\"name\":\"koalicjapolnoc.pl\",\"description\":\"Moda na bluzy: styl, wygoda, historia.\",\"potentialAction\":[{\"@type\":\"SearchAction\",\"target\":{\"@type\":\"EntryPoint\",\"urlTemplate\":\"https:\/\/koalicjapolnoc.pl\/?s={search_term_string}\"},\"query-input\":\"required name=search_term_string\"}],\"inLanguage\":\"ro-RO\"},{\"@type\":\"Person\",\"@id\":\"https:\/\/koalicjapolnoc.pl\/#\/schema\/person\/7d47e60bd3ee98cb2c276d958285d1bb\",\"name\":\"El\u017cbieta Szczepa\u0144ska\",\"image\":{\"@type\":\"ImageObject\",\"inLanguage\":\"ro-RO\",\"@id\":\"https:\/\/koalicjapolnoc.pl\/#\/schema\/person\/image\/\",\"url\":\"https:\/\/koalicjapolnoc.pl\/wp-content\/uploads\/pixinllhbw7_ad_avatar-96x96.jpg\",\"contentUrl\":\"https:\/\/koalicjapolnoc.pl\/wp-content\/uploads\/pixinllhbw7_ad_avatar-96x96.jpg\",\"caption\":\"El\u017cbieta Szczepa\u0144ska\"},\"description\":\"Jestem El\u017cbieta Szczepa\u0144ska, projektantka mody z wieloletnim do\u015bwiadczeniem w bran\u017cy. Tworzy\u0142am kolekcje dla presti\u017cowych marek, wsp\u00f3\u0142pracowa\u0142am z magazynami. Moj\u0105 misj\u0105 jest inspirowanie innych do odkrywania w\u0142asnego stylu i \u015bwiadomych wybor\u00f3w w modzie.\",\"url\":\"https:\/\/koalicjapolnoc.pl\/ro\/author\/elzbieta-szczepanska\/\"}]}<\/script>\n<!-- \/ Yoast SEO plugin. -->","yoast_head_json":{"title":"Jak ubiera\u0107 si\u0119 kobieco, gdy brakuje wci\u0119cia w talii?","description":"Odkryj najlepsze fasony, kolory i dodatki, kt\u00f3re podkre\u015bl\u0105 Twoje atuty i sprawi\u0105, \u017ce poczujesz si\u0119 pi\u0119knie i pewnie.","robots":{"index":"index","follow":"follow","max-snippet":"max-snippet:-1","max-image-preview":"max-image-preview:large","max-video-preview":"max-video-preview:-1"},"canonical":"https:\/\/koalicjapolnoc.pl\/ro\/brak-wciecia-w-talii-jak-sie-ubierac-by-wygladac-kobieco\/","og_locale":"ro_RO","og_type":"article","og_title":"Jak ubiera\u0107 si\u0119 kobieco, gdy brakuje wci\u0119cia w talii?","og_description":"Odkryj najlepsze fasony, kolory i dodatki, kt\u00f3re podkre\u015bl\u0105 Twoje atuty i sprawi\u0105, \u017ce poczujesz si\u0119 pi\u0119knie i pewnie.","og_url":"https:\/\/koalicjapolnoc.pl\/ro\/brak-wciecia-w-talii-jak-sie-ubierac-by-wygladac-kobieco\/","og_site_name":"koalicjapolnoc.pl","article_published_time":"2024-11-23T00:00:00+00:00","og_image":[{"width":1024,"height":768,"url":"https:\/\/koalicjapolnoc.pl\/wp-content\/uploads\/image600176e0f1aa47918f2f5b7691a3d327.png","type":"image\/png"}],"author":"El\u017cbieta Szczepa\u0144ska","twitter_card":"summary_large_image","twitter_misc":{"Scris de":"El\u017cbieta Szczepa\u0144ska","Timp estimat pentru citire":"4 minute"},"schema":{"@context":"https:\/\/schema.org","@graph":[{"@type":"WebPage","@id":"https:\/\/koalicjapolnoc.pl\/brak-wciecia-w-talii-jak-sie-ubierac-by-wygladac-kobieco\/","url":"https:\/\/koalicjapolnoc.pl\/brak-wciecia-w-talii-jak-sie-ubierac-by-wygladac-kobieco\/","name":"Jak ubiera\u0107 si\u0119 kobieco, gdy brakuje wci\u0119cia w talii?","isPartOf":{"@id":"https:\/\/koalicjapolnoc.pl\/#website"},"primaryImageOfPage":{"@id":"https:\/\/koalicjapolnoc.pl\/brak-wciecia-w-talii-jak-sie-ubierac-by-wygladac-kobieco\/#primaryimage"},"image":{"@id":"https:\/\/koalicjapolnoc.pl\/brak-wciecia-w-talii-jak-sie-ubierac-by-wygladac-kobieco\/#primaryimage"},"thumbnailUrl":"https:\/\/koalicjapolnoc.pl\/wp-content\/uploads\/image600176e0f1aa47918f2f5b7691a3d327.png","datePublished":"2024-11-23T00:00:00+00:00","dateModified":"2024-11-23T00:00:00+00:00","author":{"@id":"https:\/\/koalicjapolnoc.pl\/#\/schema\/person\/7d47e60bd3ee98cb2c276d958285d1bb"},"description":"Odkryj najlepsze fasony, kolory i dodatki, kt\u00f3re podkre\u015bl\u0105 Twoje atuty i sprawi\u0105, \u017ce poczujesz si\u0119 pi\u0119knie i pewnie.","breadcrumb":{"@id":"https:\/\/koalicjapolnoc.pl\/brak-wciecia-w-talii-jak-sie-ubierac-by-wygladac-kobieco\/#breadcrumb"},"inLanguage":"ro-RO","potentialAction":[{"@type":"ReadAction","target":["https:\/\/koalicjapolnoc.pl\/brak-wciecia-w-talii-jak-sie-ubierac-by-wygladac-kobieco\/"]}]},{"@type":"ImageObject","inLanguage":"ro-RO","@id":"https:\/\/koalicjapolnoc.pl\/brak-wciecia-w-talii-jak-sie-ubierac-by-wygladac-kobieco\/#primaryimage","url":"https:\/\/koalicjapolnoc.pl\/wp-content\/uploads\/image600176e0f1aa47918f2f5b7691a3d327.png","contentUrl":"https:\/\/koalicjapolnoc.pl\/wp-content\/uploads\/image600176e0f1aa47918f2f5b7691a3d327.png","width":1024,"height":768},{"@type":"BreadcrumbList","@id":"https:\/\/koalicjapolnoc.pl\/brak-wciecia-w-talii-jak-sie-ubierac-by-wygladac-kobieco\/#breadcrumb","itemListElement":[{"@type":"ListItem","position":1,"name":"Home","item":"https:\/\/koalicjapolnoc.pl\/"},{"@type":"ListItem","position":2,"name":"Brak wci\u0119cia w talii \u2013 jak si\u0119 ubiera\u0107, by wygl\u0105da\u0107 kobieco?"}]},{"@type":"WebSite","@id":"https:\/\/koalicjapolnoc.pl\/#website","url":"https:\/\/koalicjapolnoc.pl\/","name":"koalicjapolnoc.pl","description":"Moda na bluzy: styl, wygoda, historia.","potentialAction":[{"@type":"SearchAction","target":{"@type":"EntryPoint","urlTemplate":"https:\/\/koalicjapolnoc.pl\/?s={search_term_string}"},"query-input":"required name=search_term_string"}],"inLanguage":"ro-RO"},{"@type":"Person","@id":"https:\/\/koalicjapolnoc.pl\/#\/schema\/person\/7d47e60bd3ee98cb2c276d958285d1bb","name":"El\u017cbieta Szczepa\u0144ska","image":{"@type":"ImageObject","inLanguage":"ro-RO","@id":"https:\/\/koalicjapolnoc.pl\/#\/schema\/person\/image\/","url":"https:\/\/koalicjapolnoc.pl\/wp-content\/uploads\/pixinllhbw7_ad_avatar-96x96.jpg","contentUrl":"https:\/\/koalicjapolnoc.pl\/wp-content\/uploads\/pixinllhbw7_ad_avatar-96x96.jpg","caption":"El\u017cbieta Szczepa\u0144ska"},"description":"Jestem El\u017cbieta Szczepa\u0144ska, projektantka mody z wieloletnim do\u015bwiadczeniem w bran\u017cy. Tworzy\u0142am kolekcje dla presti\u017cowych marek, wsp\u00f3\u0142pracowa\u0142am z magazynami. Moj\u0105 misj\u0105 jest inspirowanie innych do odkrywania w\u0142asnego stylu i \u015bwiadomych wybor\u00f3w w modzie.","url":"https:\/\/koalicjapolnoc.pl\/ro\/author\/elzbieta-szczepanska\/"}]}},"yoast_meta":{"yoast_wpseo_title":"","yoast_wpseo_metadesc":"","yoast_wpseo_canonical":"https:\/\/koalicjapolnoc.pl\/ro\/wp-json\/wp\/v2\/posts\/231"},"_links":{"self":[{"href":"https:\/\/koalicjapolnoc.pl\/ro\/wp-json\/wp\/v2\/posts\/231","targetHints":{"allow":["GET"]}}],"collection":[{"href":"https:\/\/koalicjapolnoc.pl\/ro\/wp-json\/wp\/v2\/posts"}],"about":[{"href":"https:\/\/koalicjapolnoc.pl\/ro\/wp-json\/wp\/v2\/types\/post"}],"author":[{"embeddable":true,"href":"https:\/\/koalicjapolnoc.pl\/ro\/wp-json\/wp\/v2\/users\/1"}],"replies":[{"embeddable":true,"href":"https:\/\/koalicjapolnoc.pl\/ro\/wp-json\/wp\/v2\/comments?post=231"}],"version-history":[{"count":1,"href":"https:\/\/koalicjapolnoc.pl\/ro\/wp-json\/wp\/v2\/posts\/231\/revisions"}],"predecessor-version":[{"id":252,"href":"https:\/\/koalicjapolnoc.pl\/ro\/wp-json\/wp\/v2\/posts\/231\/revisions\/252"}],"wp:featuredmedia":[{"embeddable":true,"href":"https:\/\/koalicjapolnoc.pl\/ro\/wp-json\/wp\/v2\/media\/198"}],"wp:attachment":[{"href":"https:\/\/koalicjapolnoc.pl\/ro\/wp-json\/wp\/v2\/media?parent=231"}],"wp:term":[{"taxonomy":"category","embeddable":true,"href":"https:\/\/koalicjapolnoc.pl\/ro\/wp-json\/wp\/v2\/categories?post=231"},{"taxonomy":"post_tag","embeddable":true,"href":"https:\/\/koalicjapolnoc.pl\/ro\/wp-json\/wp\/v2\/tags?post=231"}],"curies":[{"name":"wp","href":"https:\/\/api.w.org\/{rel}","templated":true}]}}