{"id":234,"date":"2024-11-23T00:00:00","date_gmt":"2024-11-23T00:00:00","guid":{"rendered":"https:\/\/koalicjapolnoc.pl\/?p=234"},"modified":"2024-11-23T00:00:00","modified_gmt":"2024-11-23T00:00:00","slug":"czy-sukienka-z-fredzlami-pasuje-na-kazda-okazje","status":"publish","type":"post","link":"https:\/\/koalicjapolnoc.pl\/ro\/czy-sukienka-z-fredzlami-pasuje-na-kazda-okazje\/","title":{"rendered":"Este o rochie cu franjuri potrivit\u0103 pentru orice ocazie?"},"content":{"rendered":"<div class=\"kk-star-ratings kksr-auto kksr-align-left kksr-valign-top\"\n    data-payload='{&quot;align&quot;:&quot;left&quot;,&quot;id&quot;:&quot;234&quot;,&quot;slug&quot;:&quot;default&quot;,&quot;valign&quot;:&quot;top&quot;,&quot;ignore&quot;:&quot;&quot;,&quot;reference&quot;:&quot;auto&quot;,&quot;class&quot;:&quot;&quot;,&quot;count&quot;:&quot;0&quot;,&quot;legendonly&quot;:&quot;&quot;,&quot;readonly&quot;:&quot;&quot;,&quot;score&quot;:&quot;0&quot;,&quot;starsonly&quot;:&quot;&quot;,&quot;best&quot;:&quot;5&quot;,&quot;gap&quot;:&quot;5&quot;,&quot;greet&quot;:&quot;&quot;,&quot;legend&quot;:&quot;0\\\/5 - (0 votes)&quot;,&quot;size&quot;:&quot;24&quot;,&quot;title&quot;:&quot;Czy sukienka z fr\u0119dzlami pasuje na ka\u017cd\u0105 okazj\u0119?&quot;,&quot;width&quot;:&quot;0&quot;,&quot;_legend&quot;:&quot;{score}\\\/{best} - ({count} {votes})&quot;,&quot;font_factor&quot;:&quot;1.25&quot;}'>\n            \n<div class=\"kksr-stars\">\n    \n<div class=\"kksr-stars-inactive\">\n            <div class=\"kksr-star\" data-star=\"1\" style=\"padding-right: 5px\">\n            \n\n<div class=\"kksr-icon\" style=\"width: 24px; height: 24px;\"><\/div>\n        <\/div>\n            <div class=\"kksr-star\" data-star=\"2\" style=\"padding-right: 5px\">\n            \n\n<div class=\"kksr-icon\" style=\"width: 24px; height: 24px;\"><\/div>\n        <\/div>\n            <div class=\"kksr-star\" data-star=\"3\" style=\"padding-right: 5px\">\n            \n\n<div class=\"kksr-icon\" style=\"width: 24px; height: 24px;\"><\/div>\n        <\/div>\n            <div class=\"kksr-star\" data-star=\"4\" style=\"padding-right: 5px\">\n            \n\n<div class=\"kksr-icon\" style=\"width: 24px; height: 24px;\"><\/div>\n        <\/div>\n            <div class=\"kksr-star\" data-star=\"5\" style=\"padding-right: 5px\">\n            \n\n<div class=\"kksr-icon\" style=\"width: 24px; height: 24px;\"><\/div>\n        <\/div>\n    <\/div>\n    \n<div class=\"kksr-stars-active\" style=\"width: 0px;\">\n            <div class=\"kksr-star\" style=\"padding-right: 5px\">\n            \n\n<div class=\"kksr-icon\" style=\"width: 24px; height: 24px;\"><\/div>\n        <\/div>\n            <div class=\"kksr-star\" style=\"padding-right: 5px\">\n            \n\n<div class=\"kksr-icon\" style=\"width: 24px; height: 24px;\"><\/div>\n        <\/div>\n            <div class=\"kksr-star\" style=\"padding-right: 5px\">\n            \n\n<div class=\"kksr-icon\" style=\"width: 24px; height: 24px;\"><\/div>\n        <\/div>\n            <div class=\"kksr-star\" style=\"padding-right: 5px\">\n            \n\n<div class=\"kksr-icon\" style=\"width: 24px; height: 24px;\"><\/div>\n        <\/div>\n            <div class=\"kksr-star\" style=\"padding-right: 5px\">\n            \n\n<div class=\"kksr-icon\" style=\"width: 24px; height: 24px;\"><\/div>\n        <\/div>\n    <\/div>\n<\/div>\n                \n\n<div class=\"kksr-legend\" style=\"font-size: 19.2px;\">\n            <span class=\"kksr-muted\"><\/span>\n    <\/div>\n    <\/div>\n<p>O rochie cu franjuri nu este doar o tendin\u021b\u0103 la mod\u0103, ci \u0219i un adev\u0103rat must-have \u00een garderoba fiec\u0103rei femei moderne. Mul\u021bi oameni se \u00eentreab\u0103 dac\u0103 o astfel de pies\u0103 vestimentar\u0103 va fi potrivit\u0103 pentru diverse ocazii. \u00cen lumea de ast\u0103zi, c\u00e2nd moda combin\u0103 diferite stiluri, franjurile devin un simbol al rafinamentului \u0219i al stilului personal. Cu stilul potrivit, rochiile cu franjuri se pot potrivi perfect \u00een \u021binute elegante, casual sau chiar de petrecere. \u00cen acest articol, vom discuta \u00een ce situa\u021bii o rochie cu franjuri va func\u021biona cel mai bine. De asemenea, vom analiza ce accesorii s\u0103 alegem pentru a ob\u021bine un efect wow la fiecare pas.<\/p>\n<p>De asemenea, este semnificativ faptul c\u0103 aceste rochii au o istorie bogat\u0103 \u00een mod\u0103. R\u0103d\u0103cinile lor se \u00eentorc la cultura amerindienilor, precum \u0219i la stilul boho, cu care mul\u021bi oameni \u00ee\u0219i asociaz\u0103 propriul gust vestimentar. Datorit\u0103 diversit\u0103\u021bii lor, aceste rochii sunt alegerea perfect\u0103 pentru fiecare sezon. Indiferent dac\u0103 alegem un model clasic negru sau unul mai colorat, franjurile adaug\u0103 dinamism fiec\u0103rei crea\u021bii. A\u0219adar, haide\u021bi s\u0103 ne punem \u00eentrebarea: este o rochie cu franjuri \u00eentr-adev\u0103r un element universal \u00een garderob\u0103? S\u0103 \u00eencepem c\u0103l\u0103toria noastr\u0103 prin secretele modei cu franjuri.<\/p>\n<h2>Istoria rochiilor cu franjuri<\/h2>\n<p><img decoding=\"async\" alt=\"Kobieta w eleganckiej, be\u017cowej sukience z fr\u0119dzlami na g\u00f3rze.\" src=\"https:\/\/koalicjapolnoc.pl\/wp-content\/uploads\/imagea49a9fc999c447afb8d739f76f95eff5.png\"\/><\/p>\n<p>Istoria rochiilor cu franjuri este fascinant\u0103 \u0219i dateaz\u0103 de sute de ani. \u00cen primii ani, franjurii nu erau doar decorativi, ci serveau \u0219i unui scop practic \u00een \u00eembr\u0103c\u0103mintea tradi\u021bional\u0103 indigen\u0103. \u00cen timp, \u00eens\u0103, rolul lor \u00een mod\u0103 a \u00eenceput s\u0103 evolueze, duc\u00e2nd la na\u0219terea unor stiluri mai complexe. Ast\u0103zi, rochiile cu franjuri sunt un simbol al libert\u0103\u021bii \u0219i al exprim\u0103rii de sine \u00een mod\u0103. Ceea ce era odinioar\u0103 asociat cu o cultur\u0103 specific\u0103 este acum adoptat de lumea modei ca element al fiec\u0103rui stil. Astfel, o rochie cu franjuri devine un element universal care poate fi stilizat \u00een multe feluri.<\/p>\n<h2>Versatilitatea rochiilor cu franjuri<\/h2>\n<p><img decoding=\"async\" alt=\"Kobieta w zieleni ta\u0144czy na imprezie, u\u015bmiechni\u0119ta, otoczona t\u0142umem.\" src=\"https:\/\/koalicjapolnoc.pl\/wp-content\/uploads\/imageeb2517d2b07b43fd8d554c81ebeb7cd7.png\"\/><\/p>\n<p>Rochiile cu franjuri sunt adev\u0103ra\u021bi cameleoni \u00een lumea modei. Versatilitatea lor le face potrivite pentru multe ocazii diferite, de la casual la formal. Cu toate acestea, merit\u0103 s\u0103 \u0219tii cum s\u0103 le stilizezi pentru a le dezv\u0103lui \u00eentregul poten\u021bial. Iat\u0103 c\u00e2teva situa\u021bii \u00een care rochiile cu franjuri sunt o alegere perfect\u0103:<\/p>\n<ul>\n<li>Ie\u0219iri \u0219i \u00eent\u00e2lniri zilnice cu prietenii.<\/li>\n<li>Recep\u021bii \u0219i nun\u021bi elegante.<\/li>\n<li>Evenimente de dans \u0219i concerte de muzic\u0103.<\/li>\n<\/ul>\n<p>Pentru a profita la maximum de poten\u021bialul unei rochii cu franjuri, merit\u0103 s\u0103 acorda\u021bi aten\u021bie croielii \u0219i finisajului acesteia. Alegerea accesoriilor potrivite va da \u00eentregului stil un caracter individual. S\u0103 arunc\u0103m o privire mai atent\u0103 asupra stilurilor pentru diferite ocazii pentru a \u00een\u021belege cum s\u0103 crea\u021bi look-ul perfect cu aceast\u0103 pies\u0103 vestimentar\u0103.<\/p>\n<h3>Stiluri de zi cu zi<\/h3>\n<p>Atunci c\u00e2nd alegi o rochie cu franjuri pentru purtare zilnic\u0103, este esen\u021bial s\u0103 ar\u0103\u021bi confortabil\u0103, dar elegant\u0103 \u00een acela\u0219i timp. \u021ainuta casual nu ar trebui s\u0103 fie prea extravagant\u0103, a\u0219a c\u0103 accesoriile simple \u0219i \u00eenc\u0103l\u021b\u0103mintea casual vor fi cea mai bun\u0103 solu\u021bie. Iat\u0103 c\u00e2teva idei de accesorii care se vor potrivi cu o rochie casual cu franjuri:<\/p>\n<ul>\n<li>Teni\u0219i sau balerini \u00een culori discrete.<\/li>\n<li>O jachet\u0103 de piele care va ad\u0103uga un plus de stil.<\/li>\n<li>O geant\u0103 minimalist\u0103, astfel \u00eenc\u00e2t \u00eentregul obiect s\u0103 nu fie prea greu din punct de vedere vizual.<\/li>\n<\/ul>\n<h3>Ie\u0219iri elegante<\/h3>\n<p>Pentru ca o rochie cu franjuri s\u0103 fie alegerea perfect\u0103 pentru un eveniment elegant, accesoriile \u0219i accesoriile potrivite sunt importante. Atunci c\u00e2nd te g\u00e2nde\u0219ti la un eveniment elegant, merit\u0103 s\u0103 alegi bijuterii delicate, tocuri clasice \u0219i o geant\u0103 \u00eentr-o culoare care completeaz\u0103 \u00eentregul stil. Po\u021bi ad\u0103uga, de asemenea, elemente mai expresive, cum ar fi paiete sau accente metalice. Tabelul de mai jos prezint\u0103 diferite stiluri \u0219i accesorii sugerate care te vor ajuta s\u0103 creezi \u021binute elegante:<\/p>\n<table border=\"1\">\n<tr>\n<th>Stilul vestimentar<\/th>\n<th>Extrasuri<\/th>\n<th>\u00cenc\u0103l\u0163\u0103minte<\/th>\n<\/tr>\n<tr>\n<td>Rochie neagr\u0103 cu franjuri<\/td>\n<td>Pandantiv, cercei delica\u021bi<\/td>\n<td>Tocuri \u00eenalte negre<\/td>\n<\/tr>\n<tr>\n<td>Rochie colorat\u0103 cu franjuri<\/td>\n<td>Po\u0219et\u0103 pliabil\u0103, bijuterii din aur<\/td>\n<td>Sandale bej<\/td>\n<\/tr>\n<tr>\n<td>Rochie maxi cu franjuri<\/td>\n<td>Bijuterii mari, geant\u0103 cu lan\u021b<\/td>\n<td>\u0218lapi elegan\u021bi<\/td>\n<\/tr>\n<\/table>\n<h3>Aranjamente festive<\/h3>\n<p>Pentru iubitoarea vie\u021bii de noapte, o rochie cu franjuri este alegerea perfect\u0103 pentru petreceri. Aceste piese \u00eendr\u0103zne\u021be accentueaz\u0103 mi\u0219carea, f\u0103c\u00e2ndu-le incredibil de atractive atunci c\u00e2nd dansezi. Asorteaz\u0103-le cu culori \u00eendr\u0103zne\u021be \u0219i accente de bijuterii \u00eendr\u0103zne\u021be. Iat\u0103 elementele cheie care se potrivesc bine cu o rochie cu franjuri pentru petreceri:<\/p>\n<ul>\n<li>Machiaj puternic \u00een culori vii.<\/li>\n<li>O curea lat\u0103 de \u0219old care accentueaz\u0103 talia.<\/li>\n<li>Pantofi cu toc \u00eenalt, \u00eendr\u0103zne\u021bi \u0219i colora\u021bi.<\/li>\n<\/ul>\n<h2>Cum s\u0103 alegi o rochie cu franjuri?<\/h2>\n<p>Alegerea rochiei cu franjuri potrivite siluetei tale este esen\u021bial\u0103 pentru ob\u021binerea efectului perfect. Exist\u0103 multe elemente la care merit\u0103 s\u0103 fii atent atunci c\u00e2nd faci cump\u0103r\u0103turi. \u00cen primul r\u00e2nd, forma siluetei tale este de o mare importan\u021b\u0103. Merit\u0103 s\u0103 alegi un model care s\u0103 eviden\u021bieze atuurile siluetei tale \u0219i s\u0103 ascund\u0103 orice defecte. Culoarea \u0219i materialul rochiei vor influen\u021ba modul \u00een care ne sim\u021bim \u0219i cum ne percep ceilal\u021bi. Iat\u0103 c\u00e2teva sfaturi practice pentru alegerea unei rochii cu franjuri:<\/p>\n<ul>\n<li>Alege o culoare care se potrive\u0219te stilului t\u0103u \u0219i este \u00een ton cu sezonul.<\/li>\n<li>Verific\u0103 c\u0103ror tipuri de corp se potrive\u0219te cel mai bine o anumit\u0103 tunsoare.<\/li>\n<li>Alege un material care s\u0103 fie confortabil \u0219i s\u0103 nu cauzeze probleme la purtare.<\/li>\n<\/ul>\n<h2>\u00centre\u021binerea \u0219i \u00eengrijirea rochiilor cu franjuri<\/h2>\n<p>Pentru a te bucura de frumuse\u021bea rochiilor cu franjuri pentru o perioad\u0103 lung\u0103 de timp, acestea trebuie \u00eengrijite corespunz\u0103tor. Aceste stiluri necesit\u0103 o aten\u021bie deosebit\u0103, a\u0219a c\u0103 merit\u0103 s\u0103 te familiarizezi cu regulile de baz\u0103 de \u00eentre\u021binere. \u00cen primul r\u00e2nd, cite\u0219te \u00eentotdeauna etichetele \u0219i urmeaz\u0103 recomand\u0103rile produc\u0103torului pentru sp\u0103lare \u0219i c\u0103lcare. Evit\u0103 utilizarea \u00een\u0103lbitorului, care poate deteriora materialele delicate. De asemenea, nu uita s\u0103 depozitezi rochiile \u00een condi\u021bii adecvate pentru a evita deteriorarea. Printre bunele practici se num\u0103r\u0103:<\/p>\n<ul>\n<li>Sp\u0103la\u021bi \u00een ap\u0103 rece la ciclu delicat.<\/li>\n<li>Se usuc\u0103 la aer, nu la usc\u0103tor.<\/li>\n<li>A se p\u0103stra \u00eentr-un dulap, evit\u00e2nd cutele \u0219i strivirea franjurilor.<\/li>\n<\/ul>\n<h2>Rezumat<\/h2>\n<p>O rochie cu franjuri este o pies\u0103 vestimentar\u0103 incredibil de versatil\u0103, care poate fi purtat\u0103 \u00een multe ocazii. Originalitatea sa atrage aten\u021bia, iar stilul potrivit adaug\u0103 \u00eencredere \u00een sine. Dup\u0103 cum putem vedea, franjurile \u00ee\u0219i au locul lor \u00een mod\u0103, dac\u0103 \u0219tim cum s\u0103 le folosim. Descoperirea poten\u021bialului unei rochii cu franjuri poate aduce mult\u0103 satisfac\u021bie \u0219i bucurie, a\u0219a c\u0103 merit\u0103 s\u0103 investe\u0219ti \u00een acest element extraordinar.<\/p>\n<h2>\u00centreb\u0103ri frecvente<\/h2>\n<ul>\n<li><strong>Este o rochie cu franjuri potrivit\u0103 pentru ocazii formale?<\/strong><br \/> Da, o rochie cu franjuri poate fi o alegere excelent\u0103 pentru ocaziile formale dac\u0103 este asortat\u0103 cu accesorii elegante.<\/li>\n<li><strong>Ce accesorii se potrivesc cu o rochie cu franjuri?<\/strong><br \/> Bijuteriile delicate, tocurile \u00eenalte clasice \u0219i gen\u021bile minimaliste se vor potrivi de minune cu o rochie cu franjuri.<\/li>\n<li><strong>Este confortabil\u0103 o rochie cu franjuri?<\/strong><br \/> Da, rochiile cu franjuri sunt de obicei confec\u021bionate din materiale u\u0219oare, ceea ce le face confortabile de purtat.<\/li>\n<li><strong>Ce culori de rochii cu franjuri sunt cele mai la mod\u0103?<\/strong><br \/> At\u00e2t culorile neutre, estompate, c\u00e2t \u0219i culorile intense sunt la mod\u0103 \u00een prezent. Totul depinde de stilul t\u0103u \u0219i de ocazie.<\/li>\n<li><strong>Se potrive\u0219te o rochie cu franjuri oric\u0103rui tip de corp?<\/strong><br \/> Rochiile cu franjuri sunt disponibile \u00eentr-o varietate de croieli, permi\u021b\u00e2ndu-v\u0103 s\u0103 g\u0103si\u021bi un model care se potrive\u0219te fiec\u0103rui tip de corp. Este important s\u0103 alege\u021bi croiala \u0219i lungimea potrivite.<\/li>\n<\/ul>","protected":false},"excerpt":{"rendered":"<p>Sukienka z fr\u0119dzlami to nie tylko modny trend, ale tak\u017ce prawdziwy must-have w szafie ka\u017cdej nowoczesnej kobiety. Wiele os\u00f3b zastanawia si\u0119, czy taki ubranie b\u0119dzie<\/p>","protected":false},"author":1,"featured_media":188,"comment_status":"closed","ping_status":"closed","sticky":false,"template":"","format":"standard","meta":{"_acf_changed":false,"footnotes":""},"categories":[1],"tags":[],"class_list":["post-234","post","type-post","status-publish","format-standard","has-post-thumbnail","hentry","category-blog"],"acf":[],"yoast_head":"<!-- This site is optimized with the Yoast SEO plugin v23.2 - https:\/\/yoast.com\/wordpress\/plugins\/seo\/ -->\n<title>Sukienka z fr\u0119dzlami \u2013 Modny wyb\u00f3r na ka\u017cd\u0105 okazj\u0119!<\/title>\n<meta name=\"description\" content=\"Odkryj, jak stylizowa\u0107 sukienk\u0119 z fr\u0119dzlami na r\u00f3\u017cne okazje oraz jak dba\u0107 o ten modny element garderoby.\" \/>\n<meta name=\"robots\" content=\"index, follow, max-snippet:-1, max-image-preview:large, max-video-preview:-1\" \/>\n<link rel=\"canonical\" href=\"https:\/\/koalicjapolnoc.pl\/ro\/czy-sukienka-z-fredzlami-pasuje-na-kazda-okazje\/\" \/>\n<meta property=\"og:locale\" content=\"ro_RO\" \/>\n<meta property=\"og:type\" content=\"article\" \/>\n<meta property=\"og:title\" content=\"Sukienka z fr\u0119dzlami \u2013 Modny wyb\u00f3r na ka\u017cd\u0105 okazj\u0119!\" \/>\n<meta property=\"og:description\" content=\"Odkryj, jak stylizowa\u0107 sukienk\u0119 z fr\u0119dzlami na r\u00f3\u017cne okazje oraz jak dba\u0107 o ten modny element garderoby.\" \/>\n<meta property=\"og:url\" content=\"https:\/\/koalicjapolnoc.pl\/ro\/czy-sukienka-z-fredzlami-pasuje-na-kazda-okazje\/\" \/>\n<meta property=\"og:site_name\" content=\"koalicjapolnoc.pl\" \/>\n<meta property=\"article:published_time\" content=\"2024-11-23T00:00:00+00:00\" \/>\n<meta property=\"og:image\" content=\"https:\/\/koalicjapolnoc.pl\/wp-content\/uploads\/image73007709ac994533b5e9e17e9dec66bb.png\" \/>\n\t<meta property=\"og:image:width\" content=\"1024\" \/>\n\t<meta property=\"og:image:height\" content=\"768\" \/>\n\t<meta property=\"og:image:type\" content=\"image\/png\" \/>\n<meta name=\"author\" content=\"El\u017cbieta Szczepa\u0144ska\" \/>\n<meta name=\"twitter:card\" content=\"summary_large_image\" \/>\n<meta name=\"twitter:label1\" content=\"Scris de\" \/>\n\t<meta name=\"twitter:data1\" content=\"El\u017cbieta Szczepa\u0144ska\" \/>\n\t<meta name=\"twitter:label2\" content=\"Timp estimat pentru citire\" \/>\n\t<meta name=\"twitter:data2\" content=\"6 minute\" \/>\n<script type=\"application\/ld+json\" class=\"yoast-schema-graph\">{\"@context\":\"https:\/\/schema.org\",\"@graph\":[{\"@type\":\"WebPage\",\"@id\":\"https:\/\/koalicjapolnoc.pl\/czy-sukienka-z-fredzlami-pasuje-na-kazda-okazje\/\",\"url\":\"https:\/\/koalicjapolnoc.pl\/czy-sukienka-z-fredzlami-pasuje-na-kazda-okazje\/\",\"name\":\"Sukienka z fr\u0119dzlami \u2013 Modny wyb\u00f3r na ka\u017cd\u0105 okazj\u0119!\",\"isPartOf\":{\"@id\":\"https:\/\/koalicjapolnoc.pl\/#website\"},\"primaryImageOfPage\":{\"@id\":\"https:\/\/koalicjapolnoc.pl\/czy-sukienka-z-fredzlami-pasuje-na-kazda-okazje\/#primaryimage\"},\"image\":{\"@id\":\"https:\/\/koalicjapolnoc.pl\/czy-sukienka-z-fredzlami-pasuje-na-kazda-okazje\/#primaryimage\"},\"thumbnailUrl\":\"https:\/\/koalicjapolnoc.pl\/wp-content\/uploads\/image73007709ac994533b5e9e17e9dec66bb.png\",\"datePublished\":\"2024-11-23T00:00:00+00:00\",\"dateModified\":\"2024-11-23T00:00:00+00:00\",\"author\":{\"@id\":\"https:\/\/koalicjapolnoc.pl\/#\/schema\/person\/7d47e60bd3ee98cb2c276d958285d1bb\"},\"description\":\"Odkryj, jak stylizowa\u0107 sukienk\u0119 z fr\u0119dzlami na r\u00f3\u017cne okazje oraz jak dba\u0107 o ten modny element garderoby.\",\"breadcrumb\":{\"@id\":\"https:\/\/koalicjapolnoc.pl\/czy-sukienka-z-fredzlami-pasuje-na-kazda-okazje\/#breadcrumb\"},\"inLanguage\":\"ro-RO\",\"potentialAction\":[{\"@type\":\"ReadAction\",\"target\":[\"https:\/\/koalicjapolnoc.pl\/czy-sukienka-z-fredzlami-pasuje-na-kazda-okazje\/\"]}]},{\"@type\":\"ImageObject\",\"inLanguage\":\"ro-RO\",\"@id\":\"https:\/\/koalicjapolnoc.pl\/czy-sukienka-z-fredzlami-pasuje-na-kazda-okazje\/#primaryimage\",\"url\":\"https:\/\/koalicjapolnoc.pl\/wp-content\/uploads\/image73007709ac994533b5e9e17e9dec66bb.png\",\"contentUrl\":\"https:\/\/koalicjapolnoc.pl\/wp-content\/uploads\/image73007709ac994533b5e9e17e9dec66bb.png\",\"width\":1024,\"height\":768},{\"@type\":\"BreadcrumbList\",\"@id\":\"https:\/\/koalicjapolnoc.pl\/czy-sukienka-z-fredzlami-pasuje-na-kazda-okazje\/#breadcrumb\",\"itemListElement\":[{\"@type\":\"ListItem\",\"position\":1,\"name\":\"Home\",\"item\":\"https:\/\/koalicjapolnoc.pl\/\"},{\"@type\":\"ListItem\",\"position\":2,\"name\":\"Czy sukienka z fr\u0119dzlami pasuje na ka\u017cd\u0105 okazj\u0119?\"}]},{\"@type\":\"WebSite\",\"@id\":\"https:\/\/koalicjapolnoc.pl\/#website\",\"url\":\"https:\/\/koalicjapolnoc.pl\/\",\"name\":\"koalicjapolnoc.pl\",\"description\":\"Moda na bluzy: styl, wygoda, historia.\",\"potentialAction\":[{\"@type\":\"SearchAction\",\"target\":{\"@type\":\"EntryPoint\",\"urlTemplate\":\"https:\/\/koalicjapolnoc.pl\/?s={search_term_string}\"},\"query-input\":\"required name=search_term_string\"}],\"inLanguage\":\"ro-RO\"},{\"@type\":\"Person\",\"@id\":\"https:\/\/koalicjapolnoc.pl\/#\/schema\/person\/7d47e60bd3ee98cb2c276d958285d1bb\",\"name\":\"El\u017cbieta Szczepa\u0144ska\",\"image\":{\"@type\":\"ImageObject\",\"inLanguage\":\"ro-RO\",\"@id\":\"https:\/\/koalicjapolnoc.pl\/#\/schema\/person\/image\/\",\"url\":\"https:\/\/koalicjapolnoc.pl\/wp-content\/uploads\/pixinllhbw7_ad_avatar-96x96.jpg\",\"contentUrl\":\"https:\/\/koalicjapolnoc.pl\/wp-content\/uploads\/pixinllhbw7_ad_avatar-96x96.jpg\",\"caption\":\"El\u017cbieta Szczepa\u0144ska\"},\"description\":\"Jestem El\u017cbieta Szczepa\u0144ska, projektantka mody z wieloletnim do\u015bwiadczeniem w bran\u017cy. Tworzy\u0142am kolekcje dla presti\u017cowych marek, wsp\u00f3\u0142pracowa\u0142am z magazynami. Moj\u0105 misj\u0105 jest inspirowanie innych do odkrywania w\u0142asnego stylu i \u015bwiadomych wybor\u00f3w w modzie.\",\"url\":\"https:\/\/koalicjapolnoc.pl\/ro\/author\/elzbieta-szczepanska\/\"}]}<\/script>\n<!-- \/ Yoast SEO plugin. -->","yoast_head_json":{"title":"Sukienka z fr\u0119dzlami \u2013 Modny wyb\u00f3r na ka\u017cd\u0105 okazj\u0119!","description":"Odkryj, jak stylizowa\u0107 sukienk\u0119 z fr\u0119dzlami na r\u00f3\u017cne okazje oraz jak dba\u0107 o ten modny element garderoby.","robots":{"index":"index","follow":"follow","max-snippet":"max-snippet:-1","max-image-preview":"max-image-preview:large","max-video-preview":"max-video-preview:-1"},"canonical":"https:\/\/koalicjapolnoc.pl\/ro\/czy-sukienka-z-fredzlami-pasuje-na-kazda-okazje\/","og_locale":"ro_RO","og_type":"article","og_title":"Sukienka z fr\u0119dzlami \u2013 Modny wyb\u00f3r na ka\u017cd\u0105 okazj\u0119!","og_description":"Odkryj, jak stylizowa\u0107 sukienk\u0119 z fr\u0119dzlami na r\u00f3\u017cne okazje oraz jak dba\u0107 o ten modny element garderoby.","og_url":"https:\/\/koalicjapolnoc.pl\/ro\/czy-sukienka-z-fredzlami-pasuje-na-kazda-okazje\/","og_site_name":"koalicjapolnoc.pl","article_published_time":"2024-11-23T00:00:00+00:00","og_image":[{"width":1024,"height":768,"url":"https:\/\/koalicjapolnoc.pl\/wp-content\/uploads\/image73007709ac994533b5e9e17e9dec66bb.png","type":"image\/png"}],"author":"El\u017cbieta Szczepa\u0144ska","twitter_card":"summary_large_image","twitter_misc":{"Scris de":"El\u017cbieta Szczepa\u0144ska","Timp estimat pentru citire":"6 minute"},"schema":{"@context":"https:\/\/schema.org","@graph":[{"@type":"WebPage","@id":"https:\/\/koalicjapolnoc.pl\/czy-sukienka-z-fredzlami-pasuje-na-kazda-okazje\/","url":"https:\/\/koalicjapolnoc.pl\/czy-sukienka-z-fredzlami-pasuje-na-kazda-okazje\/","name":"Sukienka z fr\u0119dzlami \u2013 Modny wyb\u00f3r na ka\u017cd\u0105 okazj\u0119!","isPartOf":{"@id":"https:\/\/koalicjapolnoc.pl\/#website"},"primaryImageOfPage":{"@id":"https:\/\/koalicjapolnoc.pl\/czy-sukienka-z-fredzlami-pasuje-na-kazda-okazje\/#primaryimage"},"image":{"@id":"https:\/\/koalicjapolnoc.pl\/czy-sukienka-z-fredzlami-pasuje-na-kazda-okazje\/#primaryimage"},"thumbnailUrl":"https:\/\/koalicjapolnoc.pl\/wp-content\/uploads\/image73007709ac994533b5e9e17e9dec66bb.png","datePublished":"2024-11-23T00:00:00+00:00","dateModified":"2024-11-23T00:00:00+00:00","author":{"@id":"https:\/\/koalicjapolnoc.pl\/#\/schema\/person\/7d47e60bd3ee98cb2c276d958285d1bb"},"description":"Odkryj, jak stylizowa\u0107 sukienk\u0119 z fr\u0119dzlami na r\u00f3\u017cne okazje oraz jak dba\u0107 o ten modny element garderoby.","breadcrumb":{"@id":"https:\/\/koalicjapolnoc.pl\/czy-sukienka-z-fredzlami-pasuje-na-kazda-okazje\/#breadcrumb"},"inLanguage":"ro-RO","potentialAction":[{"@type":"ReadAction","target":["https:\/\/koalicjapolnoc.pl\/czy-sukienka-z-fredzlami-pasuje-na-kazda-okazje\/"]}]},{"@type":"ImageObject","inLanguage":"ro-RO","@id":"https:\/\/koalicjapolnoc.pl\/czy-sukienka-z-fredzlami-pasuje-na-kazda-okazje\/#primaryimage","url":"https:\/\/koalicjapolnoc.pl\/wp-content\/uploads\/image73007709ac994533b5e9e17e9dec66bb.png","contentUrl":"https:\/\/koalicjapolnoc.pl\/wp-content\/uploads\/image73007709ac994533b5e9e17e9dec66bb.png","width":1024,"height":768},{"@type":"BreadcrumbList","@id":"https:\/\/koalicjapolnoc.pl\/czy-sukienka-z-fredzlami-pasuje-na-kazda-okazje\/#breadcrumb","itemListElement":[{"@type":"ListItem","position":1,"name":"Home","item":"https:\/\/koalicjapolnoc.pl\/"},{"@type":"ListItem","position":2,"name":"Czy sukienka z fr\u0119dzlami pasuje na ka\u017cd\u0105 okazj\u0119?"}]},{"@type":"WebSite","@id":"https:\/\/koalicjapolnoc.pl\/#website","url":"https:\/\/koalicjapolnoc.pl\/","name":"koalicjapolnoc.pl","description":"Moda na bluzy: styl, wygoda, historia.","potentialAction":[{"@type":"SearchAction","target":{"@type":"EntryPoint","urlTemplate":"https:\/\/koalicjapolnoc.pl\/?s={search_term_string}"},"query-input":"required name=search_term_string"}],"inLanguage":"ro-RO"},{"@type":"Person","@id":"https:\/\/koalicjapolnoc.pl\/#\/schema\/person\/7d47e60bd3ee98cb2c276d958285d1bb","name":"El\u017cbieta Szczepa\u0144ska","image":{"@type":"ImageObject","inLanguage":"ro-RO","@id":"https:\/\/koalicjapolnoc.pl\/#\/schema\/person\/image\/","url":"https:\/\/koalicjapolnoc.pl\/wp-content\/uploads\/pixinllhbw7_ad_avatar-96x96.jpg","contentUrl":"https:\/\/koalicjapolnoc.pl\/wp-content\/uploads\/pixinllhbw7_ad_avatar-96x96.jpg","caption":"El\u017cbieta Szczepa\u0144ska"},"description":"Jestem El\u017cbieta Szczepa\u0144ska, projektantka mody z wieloletnim do\u015bwiadczeniem w bran\u017cy. Tworzy\u0142am kolekcje dla presti\u017cowych marek, wsp\u00f3\u0142pracowa\u0142am z magazynami. Moj\u0105 misj\u0105 jest inspirowanie innych do odkrywania w\u0142asnego stylu i \u015bwiadomych wybor\u00f3w w modzie.","url":"https:\/\/koalicjapolnoc.pl\/ro\/author\/elzbieta-szczepanska\/"}]}},"yoast_meta":{"yoast_wpseo_title":"","yoast_wpseo_metadesc":"","yoast_wpseo_canonical":"https:\/\/koalicjapolnoc.pl\/ro\/wp-json\/wp\/v2\/posts\/234"},"_links":{"self":[{"href":"https:\/\/koalicjapolnoc.pl\/ro\/wp-json\/wp\/v2\/posts\/234","targetHints":{"allow":["GET"]}}],"collection":[{"href":"https:\/\/koalicjapolnoc.pl\/ro\/wp-json\/wp\/v2\/posts"}],"about":[{"href":"https:\/\/koalicjapolnoc.pl\/ro\/wp-json\/wp\/v2\/types\/post"}],"author":[{"embeddable":true,"href":"https:\/\/koalicjapolnoc.pl\/ro\/wp-json\/wp\/v2\/users\/1"}],"replies":[{"embeddable":true,"href":"https:\/\/koalicjapolnoc.pl\/ro\/wp-json\/wp\/v2\/comments?post=234"}],"version-history":[{"count":1,"href":"https:\/\/koalicjapolnoc.pl\/ro\/wp-json\/wp\/v2\/posts\/234\/revisions"}],"predecessor-version":[{"id":253,"href":"https:\/\/koalicjapolnoc.pl\/ro\/wp-json\/wp\/v2\/posts\/234\/revisions\/253"}],"wp:featuredmedia":[{"embeddable":true,"href":"https:\/\/koalicjapolnoc.pl\/ro\/wp-json\/wp\/v2\/media\/188"}],"wp:attachment":[{"href":"https:\/\/koalicjapolnoc.pl\/ro\/wp-json\/wp\/v2\/media?parent=234"}],"wp:term":[{"taxonomy":"category","embeddable":true,"href":"https:\/\/koalicjapolnoc.pl\/ro\/wp-json\/wp\/v2\/categories?post=234"},{"taxonomy":"post_tag","embeddable":true,"href":"https:\/\/koalicjapolnoc.pl\/ro\/wp-json\/wp\/v2\/tags?post=234"}],"curies":[{"name":"wp","href":"https:\/\/api.w.org\/{rel}","templated":true}]}}