{"id":238,"date":"2024-11-23T00:00:00","date_gmt":"2024-11-23T00:00:00","guid":{"rendered":"https:\/\/koalicjapolnoc.pl\/?p=238"},"modified":"2024-11-23T00:00:00","modified_gmt":"2024-11-23T00:00:00","slug":"jaki-kolor-pasuje-do-fioletowego-6-modnych-stylizacji","status":"publish","type":"post","link":"https:\/\/koalicjapolnoc.pl\/ro\/jaki-kolor-pasuje-do-fioletowego-6-modnych-stylizacji\/","title":{"rendered":"Ce culoare se potrive\u0219te cu movul? 6 \u021binute la mod\u0103"},"content":{"rendered":"<div class=\"kk-star-ratings kksr-auto kksr-align-left kksr-valign-top\"\n    data-payload='{&quot;align&quot;:&quot;left&quot;,&quot;id&quot;:&quot;238&quot;,&quot;slug&quot;:&quot;default&quot;,&quot;valign&quot;:&quot;top&quot;,&quot;ignore&quot;:&quot;&quot;,&quot;reference&quot;:&quot;auto&quot;,&quot;class&quot;:&quot;&quot;,&quot;count&quot;:&quot;0&quot;,&quot;legendonly&quot;:&quot;&quot;,&quot;readonly&quot;:&quot;&quot;,&quot;score&quot;:&quot;0&quot;,&quot;starsonly&quot;:&quot;&quot;,&quot;best&quot;:&quot;5&quot;,&quot;gap&quot;:&quot;5&quot;,&quot;greet&quot;:&quot;&quot;,&quot;legend&quot;:&quot;0\\\/5 - (0 votes)&quot;,&quot;size&quot;:&quot;24&quot;,&quot;title&quot;:&quot;Jaki kolor pasuje do fioletowego? 6 modnych stylizacji&quot;,&quot;width&quot;:&quot;0&quot;,&quot;_legend&quot;:&quot;{score}\\\/{best} - ({count} {votes})&quot;,&quot;font_factor&quot;:&quot;1.25&quot;}'>\n            \n<div class=\"kksr-stars\">\n    \n<div class=\"kksr-stars-inactive\">\n            <div class=\"kksr-star\" data-star=\"1\" style=\"padding-right: 5px\">\n            \n\n<div class=\"kksr-icon\" style=\"width: 24px; height: 24px;\"><\/div>\n        <\/div>\n            <div class=\"kksr-star\" data-star=\"2\" style=\"padding-right: 5px\">\n            \n\n<div class=\"kksr-icon\" style=\"width: 24px; height: 24px;\"><\/div>\n        <\/div>\n            <div class=\"kksr-star\" data-star=\"3\" style=\"padding-right: 5px\">\n            \n\n<div class=\"kksr-icon\" style=\"width: 24px; height: 24px;\"><\/div>\n        <\/div>\n            <div class=\"kksr-star\" data-star=\"4\" style=\"padding-right: 5px\">\n            \n\n<div class=\"kksr-icon\" style=\"width: 24px; height: 24px;\"><\/div>\n        <\/div>\n            <div class=\"kksr-star\" data-star=\"5\" style=\"padding-right: 5px\">\n            \n\n<div class=\"kksr-icon\" style=\"width: 24px; height: 24px;\"><\/div>\n        <\/div>\n    <\/div>\n    \n<div class=\"kksr-stars-active\" style=\"width: 0px;\">\n            <div class=\"kksr-star\" style=\"padding-right: 5px\">\n            \n\n<div class=\"kksr-icon\" style=\"width: 24px; height: 24px;\"><\/div>\n        <\/div>\n            <div class=\"kksr-star\" style=\"padding-right: 5px\">\n            \n\n<div class=\"kksr-icon\" style=\"width: 24px; height: 24px;\"><\/div>\n        <\/div>\n            <div class=\"kksr-star\" style=\"padding-right: 5px\">\n            \n\n<div class=\"kksr-icon\" style=\"width: 24px; height: 24px;\"><\/div>\n        <\/div>\n            <div class=\"kksr-star\" style=\"padding-right: 5px\">\n            \n\n<div class=\"kksr-icon\" style=\"width: 24px; height: 24px;\"><\/div>\n        <\/div>\n            <div class=\"kksr-star\" style=\"padding-right: 5px\">\n            \n\n<div class=\"kksr-icon\" style=\"width: 24px; height: 24px;\"><\/div>\n        <\/div>\n    <\/div>\n<\/div>\n                \n\n<div class=\"kksr-legend\" style=\"font-size: 19.2px;\">\n            <span class=\"kksr-muted\"><\/span>\n    <\/div>\n    <\/div>\n<p>Movul este o culoare care captiveaz\u0103 prin nuan\u021ba sa profund\u0103 \u0219i poate aduce mult\u0103 prospe\u021bime garderobei tale. Multe persoane care decid s\u0103 poarte movul se confrunt\u0103 adesea cu o dilem\u0103 despre ce culori se vor potrivi cel mai bine cu el. Admira\u021bia pentru mov nu se limiteaz\u0103 la valorile sale estetice, ci exprim\u0103 \u0219i complexitatea personalit\u0103\u021bii. Este crucial s\u0103 \u00een\u021belegem cum poate fi combinat movul cu alte culori pentru a ob\u021bine un efect care s\u0103 atrag\u0103 aten\u021bia. \u00cen acest articol, vom prezenta diverse inspira\u021bii pentru stiluri vestimentare care \u00ee\u021bi pot schimba perspectiva asupra movului. Opteaz\u0103 pentru mov \u0219i \u00eenva\u021b\u0103 cum s\u0103-i asortezi alte culori!<\/p>\n<h2>Violetul \u0219i nuan\u021bele sale<\/h2>\n<p><img decoding=\"async\" alt=\"Fioletowa sukienka na manekinie w luksusowym sklepie odzie\u017cowym z dodatkami.\" src=\"https:\/\/koalicjapolnoc.pl\/wp-content\/uploads\/image0e80a2ba8cc1465c8b978df9c00f6a37.png\"\/><\/p>\n<p>Movul vine \u00eentr-o multitudine de nuan\u021be. \u00cencep\u00e2nd cu tonuri deschise, pastelate, ajung\u00e2nd la nuan\u021be de mov \u00eenchis, fiecare poate g\u0103si ceva pentru sine. Nuan\u021bele de mov deschis, precum lavanda sau mov bishop&#039;s, sunt ideale pentru stilul de zi cu zi, ad\u0103ug\u00e2nd delicate\u021be \u0219i prospe\u021bime. La r\u00e2ndul s\u0103u, movul \u00eenchis este o solu\u021bie unic\u0103 pentru ie\u0219iri elegante, unde poate fi combinat cu accesorii mai discrete, precum griuri sau negre. De asemenea, merit\u0103 s\u0103 acord\u0103m aten\u021bie modului \u00een care tonul de mov ne afecteaz\u0103 starea de spirit - nuan\u021bele deschise aduc adesea bucurie, \u00een timp ce cele mai \u00eenchise devin mai misterioase. Tabelul de mai jos prezint\u0103 ce emo\u021bii evoc\u0103 diferite nuan\u021be de mov:<\/p>\n<table border=\"1\">\n<tr>\n<th>Nuan\u021b\u0103 de violet<\/th>\n<th>Emo\u021bii<\/th>\n<\/tr>\n<tr>\n<td>Violet deschis<\/td>\n<td>Bucurie, bl\u00e2nde\u021be<\/td>\n<\/tr>\n<tr>\n<td>Violet \u00eenchis<\/td>\n<td>Mister, elegan\u021b\u0103<\/td>\n<\/tr>\n<tr>\n<td>Lavand\u0103<\/td>\n<td>Pace, armonie<\/td>\n<\/tr>\n<tr>\n<td>Violet<\/td>\n<td>Pasiune, creativitate<\/td>\n<\/tr>\n<\/table>\n<h2>6 look-uri la mod\u0103 cu mov<\/h2>\n<p><img decoding=\"async\" alt=\"Kobieta w liliowym swetrze siedzi w kawiarni, z t\u0142em rozmawiaj\u0105cych ludzi.\" src=\"https:\/\/koalicjapolnoc.pl\/wp-content\/uploads\/image9c98b20ca8654e1a9dfcbf7ba019cc12.png\"\/><\/p>\n<p>Exist\u0103 multe modalit\u0103\u021bi de a introduce violetul \u00een garderoba ta. Iat\u0103 c\u00e2teva stiluri de luat \u00een considerare atunci c\u00e2nd combini violetul cu alte culori. Cu aceste idei, fiecare fashionist\u0103 va putea g\u0103si inspira\u021bie pentru ea \u00eens\u0103\u0219i. Iat\u0103 sugestiile noastre:<\/p>\n<ul>\n<li><strong>Bluz\u0103 mov \u0219i pantaloni albi:<\/strong> Aceast\u0103 combina\u021bie creeaz\u0103 un aspect clasic \u0219i proasp\u0103t.<\/li>\n<li><strong>Rochie mov cu accesorii gri:<\/strong> Elegan\u021b\u0103 pentru fiecare ocazie.<\/li>\n<li><strong>Pantaloni mov \u0219i c\u0103ma\u0219\u0103 verde:<\/strong> O \u021binut\u0103 modern\u0103 \u0219i \u00eendr\u0103znea\u021b\u0103.<\/li>\n<\/ul>\n<p>Trec\u00e2nd la urm\u0103toarele stiluri, merit\u0103 men\u021bionat c\u00e2t de multe accentele mov pot fi un element de baz\u0103 \u00een \u021binutele de zi cu zi. C\u00e2nd asortezi un pulover mov cu blugi alba\u0219tri, vei ob\u021bine look-ul casual perfect:<\/p>\n<ul>\n<li><strong>Pulover \u0219i blugi mov:<\/strong> Alegerea perfect\u0103 pentru escapade de weekend.<\/li>\n<li><strong>Costum violet cu accesorii negre:<\/strong> O propunere pentru cei care vor s\u0103 ias\u0103 \u00een eviden\u021b\u0103.<\/li>\n<li><strong>Fust\u0103 mov cu accente aurii:<\/strong> \u0218ic \u0219i str\u0103lucire \u00een fiecare stil.<\/li>\n<\/ul>\n<h2>Rezumat<\/h2>\n<p>Movul este o culoare versatil\u0103 ce poate fi \u00eencorporat\u0103 cu succes \u00een diverse stiluri. Aceast\u0103 combina\u021bie de diferite nuan\u021be de mov cu alte culori ne poate \u00eembog\u0103\u021bi garderoba. Datorit\u0103 acestui tip de experimentare, pute\u021bi ob\u021bine at\u00e2t un stil elegant, c\u00e2t \u0219i unul de zi cu zi. Merit\u0103 subliniat faptul c\u0103 cheia succesului este capacitatea de a combina culori \u0219i accesorii. Indiferent dac\u0103 alege\u021bi combina\u021bii discrete sau \u00eendr\u0103zne\u021be, movul este \u00eentotdeauna o alegere excelent\u0103. Combina\u021biile bine g\u00e2ndite v\u0103 fac s\u0103 c\u00e2\u0219tiga\u021bi \u00eencredere \u00een sine \u00een fiecare \u021binut\u0103.<\/p>\n<h2>\u00centreb\u0103ri frecvente<\/h2>\n<ul>\n<li><strong>Ce culori se potrivesc cel mai bine cu violetul?<\/strong> Cele mai bune culori sunt albul, griul, verdele, auriul \u0219i nuan\u021bele pastelate. <\/li>\n<li><strong>Se potrive\u0219te movul cu blugi?<\/strong> Da, bluzele \u0219i puloverele mov arat\u0103 grozav cu blugi. <\/li>\n<li><strong>Ce accesorii s\u0103 alegi pentru o rochie mov?<\/strong> Accesoriile \u00een culori neutre, precum griul \u0219i o not\u0103 de auriu, vor func\u021biona perfect. <\/li>\n<li><strong>Este movul potrivit pentru ocazii formale?<\/strong> Desigur, costumele mov sau rochiile elegante \u00een aceast\u0103 culoare sunt alegerea perfect\u0103 pentru evenimentele formale. <\/li>\n<li><strong>Ce culori s\u0103 evi\u021bi combinarea cu violetul?<\/strong> Ai grij\u0103 la culorile prea intense, cum ar fi galbenul aprins sau portocaliul, care pot cople\u0219i violetul. <\/li>\n<\/ul>","protected":false},"excerpt":{"rendered":"<p>Fioletowy to kolor, kt\u00f3ry urzeka swoim g\u0142\u0119bokim odcieniem i mo\u017ce wprowadzi\u0107 wiele \u015bwie\u017co\u015bci do twojej garderoby. Wiele os\u00f3b, kt\u00f3re decyduj\u0105 si\u0119 na fioletowe ubranie, cz\u0119sto<\/p>","protected":false},"author":1,"featured_media":197,"comment_status":"closed","ping_status":"closed","sticky":false,"template":"","format":"standard","meta":{"_acf_changed":false,"footnotes":""},"categories":[1],"tags":[],"class_list":["post-238","post","type-post","status-publish","format-standard","has-post-thumbnail","hentry","category-blog"],"acf":[],"yoast_head":"<!-- This site is optimized with the Yoast SEO plugin v23.2 - https:\/\/yoast.com\/wordpress\/plugins\/seo\/ -->\n<title>Jaki kolor pasuje do fioletowego? Odkryj 6 modnych stylizacji na ka\u017cd\u0105 okazj\u0119<\/title>\n<meta name=\"description\" content=\"Poznaj modne kombinacje kolor\u00f3w z fioletowym. Odkryj 6 stylizacji, kt\u00f3re odmieni\u0105 Twoj\u0105 garderob\u0119 ju\u017c dzi\u015b!\" \/>\n<meta name=\"robots\" content=\"index, follow, max-snippet:-1, max-image-preview:large, max-video-preview:-1\" \/>\n<link rel=\"canonical\" href=\"https:\/\/koalicjapolnoc.pl\/ro\/jaki-kolor-pasuje-do-fioletowego-6-modnych-stylizacji\/\" \/>\n<meta property=\"og:locale\" content=\"ro_RO\" \/>\n<meta property=\"og:type\" content=\"article\" \/>\n<meta property=\"og:title\" content=\"Jaki kolor pasuje do fioletowego? Odkryj 6 modnych stylizacji na ka\u017cd\u0105 okazj\u0119\" \/>\n<meta property=\"og:description\" content=\"Poznaj modne kombinacje kolor\u00f3w z fioletowym. Odkryj 6 stylizacji, kt\u00f3re odmieni\u0105 Twoj\u0105 garderob\u0119 ju\u017c dzi\u015b!\" \/>\n<meta property=\"og:url\" content=\"https:\/\/koalicjapolnoc.pl\/ro\/jaki-kolor-pasuje-do-fioletowego-6-modnych-stylizacji\/\" \/>\n<meta property=\"og:site_name\" content=\"koalicjapolnoc.pl\" \/>\n<meta property=\"article:published_time\" content=\"2024-11-23T00:00:00+00:00\" \/>\n<meta property=\"og:image\" content=\"https:\/\/koalicjapolnoc.pl\/wp-content\/uploads\/imagec555148d988c4294aed7dfa679915f7e.png\" \/>\n\t<meta property=\"og:image:width\" content=\"1024\" \/>\n\t<meta property=\"og:image:height\" content=\"768\" \/>\n\t<meta property=\"og:image:type\" content=\"image\/png\" \/>\n<meta name=\"author\" content=\"El\u017cbieta Szczepa\u0144ska\" \/>\n<meta name=\"twitter:card\" content=\"summary_large_image\" \/>\n<meta name=\"twitter:label1\" content=\"Scris de\" \/>\n\t<meta name=\"twitter:data1\" content=\"El\u017cbieta Szczepa\u0144ska\" \/>\n\t<meta name=\"twitter:label2\" content=\"Timp estimat pentru citire\" \/>\n\t<meta name=\"twitter:data2\" content=\"3 minute\" \/>\n<script type=\"application\/ld+json\" class=\"yoast-schema-graph\">{\"@context\":\"https:\/\/schema.org\",\"@graph\":[{\"@type\":\"WebPage\",\"@id\":\"https:\/\/koalicjapolnoc.pl\/jaki-kolor-pasuje-do-fioletowego-6-modnych-stylizacji\/\",\"url\":\"https:\/\/koalicjapolnoc.pl\/jaki-kolor-pasuje-do-fioletowego-6-modnych-stylizacji\/\",\"name\":\"Jaki kolor pasuje do fioletowego? Odkryj 6 modnych stylizacji na ka\u017cd\u0105 okazj\u0119\",\"isPartOf\":{\"@id\":\"https:\/\/koalicjapolnoc.pl\/#website\"},\"primaryImageOfPage\":{\"@id\":\"https:\/\/koalicjapolnoc.pl\/jaki-kolor-pasuje-do-fioletowego-6-modnych-stylizacji\/#primaryimage\"},\"image\":{\"@id\":\"https:\/\/koalicjapolnoc.pl\/jaki-kolor-pasuje-do-fioletowego-6-modnych-stylizacji\/#primaryimage\"},\"thumbnailUrl\":\"https:\/\/koalicjapolnoc.pl\/wp-content\/uploads\/imagec555148d988c4294aed7dfa679915f7e.png\",\"datePublished\":\"2024-11-23T00:00:00+00:00\",\"dateModified\":\"2024-11-23T00:00:00+00:00\",\"author\":{\"@id\":\"https:\/\/koalicjapolnoc.pl\/#\/schema\/person\/7d47e60bd3ee98cb2c276d958285d1bb\"},\"description\":\"Poznaj modne kombinacje kolor\u00f3w z fioletowym. Odkryj 6 stylizacji, kt\u00f3re odmieni\u0105 Twoj\u0105 garderob\u0119 ju\u017c dzi\u015b!\",\"breadcrumb\":{\"@id\":\"https:\/\/koalicjapolnoc.pl\/jaki-kolor-pasuje-do-fioletowego-6-modnych-stylizacji\/#breadcrumb\"},\"inLanguage\":\"ro-RO\",\"potentialAction\":[{\"@type\":\"ReadAction\",\"target\":[\"https:\/\/koalicjapolnoc.pl\/jaki-kolor-pasuje-do-fioletowego-6-modnych-stylizacji\/\"]}]},{\"@type\":\"ImageObject\",\"inLanguage\":\"ro-RO\",\"@id\":\"https:\/\/koalicjapolnoc.pl\/jaki-kolor-pasuje-do-fioletowego-6-modnych-stylizacji\/#primaryimage\",\"url\":\"https:\/\/koalicjapolnoc.pl\/wp-content\/uploads\/imagec555148d988c4294aed7dfa679915f7e.png\",\"contentUrl\":\"https:\/\/koalicjapolnoc.pl\/wp-content\/uploads\/imagec555148d988c4294aed7dfa679915f7e.png\",\"width\":1024,\"height\":768},{\"@type\":\"BreadcrumbList\",\"@id\":\"https:\/\/koalicjapolnoc.pl\/jaki-kolor-pasuje-do-fioletowego-6-modnych-stylizacji\/#breadcrumb\",\"itemListElement\":[{\"@type\":\"ListItem\",\"position\":1,\"name\":\"Home\",\"item\":\"https:\/\/koalicjapolnoc.pl\/\"},{\"@type\":\"ListItem\",\"position\":2,\"name\":\"Jaki kolor pasuje do fioletowego? 6 modnych stylizacji\"}]},{\"@type\":\"WebSite\",\"@id\":\"https:\/\/koalicjapolnoc.pl\/#website\",\"url\":\"https:\/\/koalicjapolnoc.pl\/\",\"name\":\"koalicjapolnoc.pl\",\"description\":\"Moda na bluzy: styl, wygoda, historia.\",\"potentialAction\":[{\"@type\":\"SearchAction\",\"target\":{\"@type\":\"EntryPoint\",\"urlTemplate\":\"https:\/\/koalicjapolnoc.pl\/?s={search_term_string}\"},\"query-input\":\"required name=search_term_string\"}],\"inLanguage\":\"ro-RO\"},{\"@type\":\"Person\",\"@id\":\"https:\/\/koalicjapolnoc.pl\/#\/schema\/person\/7d47e60bd3ee98cb2c276d958285d1bb\",\"name\":\"El\u017cbieta Szczepa\u0144ska\",\"image\":{\"@type\":\"ImageObject\",\"inLanguage\":\"ro-RO\",\"@id\":\"https:\/\/koalicjapolnoc.pl\/#\/schema\/person\/image\/\",\"url\":\"https:\/\/koalicjapolnoc.pl\/wp-content\/uploads\/pixinllhbw7_ad_avatar-96x96.jpg\",\"contentUrl\":\"https:\/\/koalicjapolnoc.pl\/wp-content\/uploads\/pixinllhbw7_ad_avatar-96x96.jpg\",\"caption\":\"El\u017cbieta Szczepa\u0144ska\"},\"description\":\"Jestem El\u017cbieta Szczepa\u0144ska, projektantka mody z wieloletnim do\u015bwiadczeniem w bran\u017cy. Tworzy\u0142am kolekcje dla presti\u017cowych marek, wsp\u00f3\u0142pracowa\u0142am z magazynami. Moj\u0105 misj\u0105 jest inspirowanie innych do odkrywania w\u0142asnego stylu i \u015bwiadomych wybor\u00f3w w modzie.\",\"url\":\"https:\/\/koalicjapolnoc.pl\/ro\/author\/elzbieta-szczepanska\/\"}]}<\/script>\n<!-- \/ Yoast SEO plugin. -->","yoast_head_json":{"title":"Jaki kolor pasuje do fioletowego? Odkryj 6 modnych stylizacji na ka\u017cd\u0105 okazj\u0119","description":"Poznaj modne kombinacje kolor\u00f3w z fioletowym. Odkryj 6 stylizacji, kt\u00f3re odmieni\u0105 Twoj\u0105 garderob\u0119 ju\u017c dzi\u015b!","robots":{"index":"index","follow":"follow","max-snippet":"max-snippet:-1","max-image-preview":"max-image-preview:large","max-video-preview":"max-video-preview:-1"},"canonical":"https:\/\/koalicjapolnoc.pl\/ro\/jaki-kolor-pasuje-do-fioletowego-6-modnych-stylizacji\/","og_locale":"ro_RO","og_type":"article","og_title":"Jaki kolor pasuje do fioletowego? Odkryj 6 modnych stylizacji na ka\u017cd\u0105 okazj\u0119","og_description":"Poznaj modne kombinacje kolor\u00f3w z fioletowym. Odkryj 6 stylizacji, kt\u00f3re odmieni\u0105 Twoj\u0105 garderob\u0119 ju\u017c dzi\u015b!","og_url":"https:\/\/koalicjapolnoc.pl\/ro\/jaki-kolor-pasuje-do-fioletowego-6-modnych-stylizacji\/","og_site_name":"koalicjapolnoc.pl","article_published_time":"2024-11-23T00:00:00+00:00","og_image":[{"width":1024,"height":768,"url":"https:\/\/koalicjapolnoc.pl\/wp-content\/uploads\/imagec555148d988c4294aed7dfa679915f7e.png","type":"image\/png"}],"author":"El\u017cbieta Szczepa\u0144ska","twitter_card":"summary_large_image","twitter_misc":{"Scris de":"El\u017cbieta Szczepa\u0144ska","Timp estimat pentru citire":"3 minute"},"schema":{"@context":"https:\/\/schema.org","@graph":[{"@type":"WebPage","@id":"https:\/\/koalicjapolnoc.pl\/jaki-kolor-pasuje-do-fioletowego-6-modnych-stylizacji\/","url":"https:\/\/koalicjapolnoc.pl\/jaki-kolor-pasuje-do-fioletowego-6-modnych-stylizacji\/","name":"Jaki kolor pasuje do fioletowego? Odkryj 6 modnych stylizacji na ka\u017cd\u0105 okazj\u0119","isPartOf":{"@id":"https:\/\/koalicjapolnoc.pl\/#website"},"primaryImageOfPage":{"@id":"https:\/\/koalicjapolnoc.pl\/jaki-kolor-pasuje-do-fioletowego-6-modnych-stylizacji\/#primaryimage"},"image":{"@id":"https:\/\/koalicjapolnoc.pl\/jaki-kolor-pasuje-do-fioletowego-6-modnych-stylizacji\/#primaryimage"},"thumbnailUrl":"https:\/\/koalicjapolnoc.pl\/wp-content\/uploads\/imagec555148d988c4294aed7dfa679915f7e.png","datePublished":"2024-11-23T00:00:00+00:00","dateModified":"2024-11-23T00:00:00+00:00","author":{"@id":"https:\/\/koalicjapolnoc.pl\/#\/schema\/person\/7d47e60bd3ee98cb2c276d958285d1bb"},"description":"Poznaj modne kombinacje kolor\u00f3w z fioletowym. Odkryj 6 stylizacji, kt\u00f3re odmieni\u0105 Twoj\u0105 garderob\u0119 ju\u017c dzi\u015b!","breadcrumb":{"@id":"https:\/\/koalicjapolnoc.pl\/jaki-kolor-pasuje-do-fioletowego-6-modnych-stylizacji\/#breadcrumb"},"inLanguage":"ro-RO","potentialAction":[{"@type":"ReadAction","target":["https:\/\/koalicjapolnoc.pl\/jaki-kolor-pasuje-do-fioletowego-6-modnych-stylizacji\/"]}]},{"@type":"ImageObject","inLanguage":"ro-RO","@id":"https:\/\/koalicjapolnoc.pl\/jaki-kolor-pasuje-do-fioletowego-6-modnych-stylizacji\/#primaryimage","url":"https:\/\/koalicjapolnoc.pl\/wp-content\/uploads\/imagec555148d988c4294aed7dfa679915f7e.png","contentUrl":"https:\/\/koalicjapolnoc.pl\/wp-content\/uploads\/imagec555148d988c4294aed7dfa679915f7e.png","width":1024,"height":768},{"@type":"BreadcrumbList","@id":"https:\/\/koalicjapolnoc.pl\/jaki-kolor-pasuje-do-fioletowego-6-modnych-stylizacji\/#breadcrumb","itemListElement":[{"@type":"ListItem","position":1,"name":"Home","item":"https:\/\/koalicjapolnoc.pl\/"},{"@type":"ListItem","position":2,"name":"Jaki kolor pasuje do fioletowego? 6 modnych stylizacji"}]},{"@type":"WebSite","@id":"https:\/\/koalicjapolnoc.pl\/#website","url":"https:\/\/koalicjapolnoc.pl\/","name":"koalicjapolnoc.pl","description":"Moda na bluzy: styl, wygoda, historia.","potentialAction":[{"@type":"SearchAction","target":{"@type":"EntryPoint","urlTemplate":"https:\/\/koalicjapolnoc.pl\/?s={search_term_string}"},"query-input":"required name=search_term_string"}],"inLanguage":"ro-RO"},{"@type":"Person","@id":"https:\/\/koalicjapolnoc.pl\/#\/schema\/person\/7d47e60bd3ee98cb2c276d958285d1bb","name":"El\u017cbieta Szczepa\u0144ska","image":{"@type":"ImageObject","inLanguage":"ro-RO","@id":"https:\/\/koalicjapolnoc.pl\/#\/schema\/person\/image\/","url":"https:\/\/koalicjapolnoc.pl\/wp-content\/uploads\/pixinllhbw7_ad_avatar-96x96.jpg","contentUrl":"https:\/\/koalicjapolnoc.pl\/wp-content\/uploads\/pixinllhbw7_ad_avatar-96x96.jpg","caption":"El\u017cbieta Szczepa\u0144ska"},"description":"Jestem El\u017cbieta Szczepa\u0144ska, projektantka mody z wieloletnim do\u015bwiadczeniem w bran\u017cy. Tworzy\u0142am kolekcje dla presti\u017cowych marek, wsp\u00f3\u0142pracowa\u0142am z magazynami. Moj\u0105 misj\u0105 jest inspirowanie innych do odkrywania w\u0142asnego stylu i \u015bwiadomych wybor\u00f3w w modzie.","url":"https:\/\/koalicjapolnoc.pl\/ro\/author\/elzbieta-szczepanska\/"}]}},"yoast_meta":{"yoast_wpseo_title":"","yoast_wpseo_metadesc":"","yoast_wpseo_canonical":"https:\/\/koalicjapolnoc.pl\/ro\/wp-json\/wp\/v2\/posts\/238"},"_links":{"self":[{"href":"https:\/\/koalicjapolnoc.pl\/ro\/wp-json\/wp\/v2\/posts\/238","targetHints":{"allow":["GET"]}}],"collection":[{"href":"https:\/\/koalicjapolnoc.pl\/ro\/wp-json\/wp\/v2\/posts"}],"about":[{"href":"https:\/\/koalicjapolnoc.pl\/ro\/wp-json\/wp\/v2\/types\/post"}],"author":[{"embeddable":true,"href":"https:\/\/koalicjapolnoc.pl\/ro\/wp-json\/wp\/v2\/users\/1"}],"replies":[{"embeddable":true,"href":"https:\/\/koalicjapolnoc.pl\/ro\/wp-json\/wp\/v2\/comments?post=238"}],"version-history":[{"count":1,"href":"https:\/\/koalicjapolnoc.pl\/ro\/wp-json\/wp\/v2\/posts\/238\/revisions"}],"predecessor-version":[{"id":256,"href":"https:\/\/koalicjapolnoc.pl\/ro\/wp-json\/wp\/v2\/posts\/238\/revisions\/256"}],"wp:featuredmedia":[{"embeddable":true,"href":"https:\/\/koalicjapolnoc.pl\/ro\/wp-json\/wp\/v2\/media\/197"}],"wp:attachment":[{"href":"https:\/\/koalicjapolnoc.pl\/ro\/wp-json\/wp\/v2\/media?parent=238"}],"wp:term":[{"taxonomy":"category","embeddable":true,"href":"https:\/\/koalicjapolnoc.pl\/ro\/wp-json\/wp\/v2\/categories?post=238"},{"taxonomy":"post_tag","embeddable":true,"href":"https:\/\/koalicjapolnoc.pl\/ro\/wp-json\/wp\/v2\/tags?post=238"}],"curies":[{"name":"wp","href":"https:\/\/api.w.org\/{rel}","templated":true}]}}