{"id":311,"date":"2024-12-14T00:00:00","date_gmt":"2024-12-14T00:00:00","guid":{"rendered":"https:\/\/koalicjapolnoc.pl\/?p=311"},"modified":"2024-12-14T00:00:00","modified_gmt":"2024-12-14T00:00:00","slug":"modny-longsleeve-jak-i-z-czym-go-nosic","status":"publish","type":"post","link":"https:\/\/koalicjapolnoc.pl\/ro\/modny-longsleeve-jak-i-z-czym-go-nosic\/","title":{"rendered":"Tricou cu m\u00e2nec\u0103 lung\u0103 la mod\u0103 \u2013 cum \u0219i cu ce s\u0103-l por\u021bi?"},"content":{"rendered":"<div class=\"kk-star-ratings kksr-auto kksr-align-left kksr-valign-top\"\n    data-payload='{&quot;align&quot;:&quot;left&quot;,&quot;id&quot;:&quot;311&quot;,&quot;slug&quot;:&quot;default&quot;,&quot;valign&quot;:&quot;top&quot;,&quot;ignore&quot;:&quot;&quot;,&quot;reference&quot;:&quot;auto&quot;,&quot;class&quot;:&quot;&quot;,&quot;count&quot;:&quot;0&quot;,&quot;legendonly&quot;:&quot;&quot;,&quot;readonly&quot;:&quot;&quot;,&quot;score&quot;:&quot;0&quot;,&quot;starsonly&quot;:&quot;&quot;,&quot;best&quot;:&quot;5&quot;,&quot;gap&quot;:&quot;5&quot;,&quot;greet&quot;:&quot;&quot;,&quot;legend&quot;:&quot;0\\\/5 - (0 votes)&quot;,&quot;size&quot;:&quot;24&quot;,&quot;title&quot;:&quot;Modny longsleeve \u2013 jak i z czym go nosi\u0107?&quot;,&quot;width&quot;:&quot;0&quot;,&quot;_legend&quot;:&quot;{score}\\\/{best} - ({count} {votes})&quot;,&quot;font_factor&quot;:&quot;1.25&quot;}'>\n            \n<div class=\"kksr-stars\">\n    \n<div class=\"kksr-stars-inactive\">\n            <div class=\"kksr-star\" data-star=\"1\" style=\"padding-right: 5px\">\n            \n\n<div class=\"kksr-icon\" style=\"width: 24px; height: 24px;\"><\/div>\n        <\/div>\n            <div class=\"kksr-star\" data-star=\"2\" style=\"padding-right: 5px\">\n            \n\n<div class=\"kksr-icon\" style=\"width: 24px; height: 24px;\"><\/div>\n        <\/div>\n            <div class=\"kksr-star\" data-star=\"3\" style=\"padding-right: 5px\">\n            \n\n<div class=\"kksr-icon\" style=\"width: 24px; height: 24px;\"><\/div>\n        <\/div>\n            <div class=\"kksr-star\" data-star=\"4\" style=\"padding-right: 5px\">\n            \n\n<div class=\"kksr-icon\" style=\"width: 24px; height: 24px;\"><\/div>\n        <\/div>\n            <div class=\"kksr-star\" data-star=\"5\" style=\"padding-right: 5px\">\n            \n\n<div class=\"kksr-icon\" style=\"width: 24px; height: 24px;\"><\/div>\n        <\/div>\n    <\/div>\n    \n<div class=\"kksr-stars-active\" style=\"width: 0px;\">\n            <div class=\"kksr-star\" style=\"padding-right: 5px\">\n            \n\n<div class=\"kksr-icon\" style=\"width: 24px; height: 24px;\"><\/div>\n        <\/div>\n            <div class=\"kksr-star\" style=\"padding-right: 5px\">\n            \n\n<div class=\"kksr-icon\" style=\"width: 24px; height: 24px;\"><\/div>\n        <\/div>\n            <div class=\"kksr-star\" style=\"padding-right: 5px\">\n            \n\n<div class=\"kksr-icon\" style=\"width: 24px; height: 24px;\"><\/div>\n        <\/div>\n            <div class=\"kksr-star\" style=\"padding-right: 5px\">\n            \n\n<div class=\"kksr-icon\" style=\"width: 24px; height: 24px;\"><\/div>\n        <\/div>\n            <div class=\"kksr-star\" style=\"padding-right: 5px\">\n            \n\n<div class=\"kksr-icon\" style=\"width: 24px; height: 24px;\"><\/div>\n        <\/div>\n    <\/div>\n<\/div>\n                \n\n<div class=\"kksr-legend\" style=\"font-size: 19.2px;\">\n            <span class=\"kksr-muted\"><\/span>\n    <\/div>\n    <\/div>\n<p>O bluz\u0103 cu m\u00e2nec\u0103 lung\u0103 este un articol vestimentar care merit\u0103 cu siguran\u021b\u0103 un loc \u00een fiecare setur\u0103 la mod\u0103. Nu numai c\u0103 ofer\u0103 confort, dar este \u0219i extrem de versatil\u0103, fiind o alegere ideal\u0103 pentru multe ocazii. M\u00e2necile lungi, care odinioar\u0103 erau asociate \u00een principal cu sportul, pot fi g\u0103site acum \u00een diverse versiuni de stil. O m\u00e2nec\u0103 lung\u0103 aleas\u0103 cu grij\u0103 poate ad\u0103uga caracter \u0219i poate face ca fiecare stil s\u0103 capete o dimensiune complet nou\u0103. \u00cen acest articol, vom analiza de ce merit\u0103 s\u0103 ai o bluz\u0103 cu m\u00e2nec\u0103 lung\u0103 \u00een garderob\u0103 \u0219i cum s\u0103 o combini eficient cu alte haine. Vei vedea c\u00e2te posibilit\u0103\u021bi ofer\u0103 acest element vestimentar aparent simplu.<\/p>\n<h2>Istoria tricourilor cu m\u00e2nec\u0103 lung\u0103<\/h2>\n<p><img decoding=\"async\" alt=\"Cztery u\u015bmiechni\u0119te m\u0142ode kobiety w kolorowych bluzkach i d\u017cinsach na zewn\u0105trz.\" src=\"https:\/\/koalicjapolnoc.pl\/wp-content\/uploads\/imagec0ef3d433a764a84ab10f85912aad0d3.png\"\/><\/p>\n<p>M\u00e2neca lung\u0103 \u00ee\u0219i are r\u0103d\u0103cinile \u00een moda sport din anii &#039;70 \u0219i &#039;80, c\u00e2nd era purtat\u0103 \u00een principal \u00een contextul activit\u0103\u021bii fizice. De-a lungul timpului, pe m\u0103sur\u0103 ce moda a devenit mai eclectic\u0103, m\u00e2neca lung\u0103 a c\u00e2\u0219tigat popularitate, iar designerii au \u00eenceput s\u0103 creeze diverse versiuni ale acestei piese vestimentare. Ast\u0103zi, m\u00e2neca lung\u0103 nu este doar un element sportiv, ci \u0219i o component\u0103 important\u0103 a stilului de zi cu zi \u0219i formal. Versatilitatea sa \u00eenseamn\u0103 c\u0103 poate fi purtat\u0103 at\u00e2t \u00een combina\u021bii casual, c\u00e2t \u0219i elegante. Fiecare sezon aduce noi stiluri \u0219i culori, ceea ce face ca m\u00e2neca lung\u0103 s\u0103 fie o alegere la mod\u0103 pe tot parcursul anului. Moda iube\u0219te inova\u021bia, motiv pentru care m\u00e2necile lungi moderne sunt disponibile \u00een diverse materiale \u0219i texturi.<\/p>\n<h2>De ce s\u0103 por\u021bi o bluz\u0103 cu m\u00e2nec\u0103 lung\u0103?<\/h2>\n<p><img decoding=\"async\" alt=\"Elegancki m\u0119\u017cczyzna w niebieskim garniturze idzie przez nowoczesne biuro.\" src=\"https:\/\/koalicjapolnoc.pl\/wp-content\/uploads\/image2899ad2b53194c75840a1fd8ed9dbaf3.png\"\/><\/p>\n<p>Tricoul cu m\u00e2nec\u0103 lung\u0103 este o alegere cu adev\u0103rat universal\u0103, pe care merit\u0103 s\u0103 o ai \u00een garderob\u0103. Ofer\u0103 nu doar confort, ci \u0219i posibilit\u0103\u021bi de aranjare elegant\u0103. Datorit\u0103 variet\u0103\u021bii de stiluri, poate fi u\u0219or adaptat la tendin\u021bele actuale. \u00cen plus, iarna, m\u00e2necile lungi ofer\u0103 un strat suplimentar de c\u0103ldur\u0103, iar vara sunt utile \u00een zilele mai reci. Merit\u0103 s\u0103 acorzi aten\u021bie culorilor \u0219i materialelor care te vor ajuta s\u0103 ob\u021bii efectul de stil dorit. Atunci c\u00e2nd alegi un tricou cu m\u00e2nec\u0103 lung\u0103, po\u021bi experimenta \u0219i cu accesorii care vor completa ansamblul.<\/p>\n<p>Tricourile cu m\u00e2nec\u0103 lung\u0103 nu sunt doar pl\u0103cute din punct de vedere estetic, ci \u0219i func\u021bionale. Permit mi\u0219carea liber\u0103, esen\u021bial\u0103 \u00een stilul vestimentar de zi cu zi. Materialele potrivite, precum bumbacul, inul sau amestecurile de \u021bes\u0103turi, ofer\u0103 ventila\u021bie \u0219i confort termic. \u00cen plus, tricourile cu m\u00e2nec\u0103 lung\u0103 sunt adesea un fundal excelent pentru diverse accesorii, de la bijuterii la gen\u021bi. Datorit\u0103 acestui fapt, fiecare stil vestimentar poate fi unic \u0219i expresiv. Mai mult, disponibilitatea lor \u00een numeroase variante le face un element ideal pentru aproape orice ocazie.<\/p>\n<h2>Cum s\u0103 aranjezi o bluz\u0103 cu m\u00e2nec\u0103 lung\u0103?<\/h2>\n<p>Aranjarea unei bluze cu m\u00e2nec\u0103 lung\u0103 este un subiect vast care cu siguran\u021b\u0103 va interesa orice iubitor de mod\u0103. Posibilit\u0103\u021bile sunt aproape nelimitate, a\u0219a c\u0103 merit\u0103 s\u0103 cau\u021bi inspira\u021bie care s\u0103 te ajute s\u0103 creezi combina\u021biile perfecte. O bluz\u0103 cu m\u00e2nec\u0103 lung\u0103 bine aleas\u0103 poate fi baza at\u00e2t pentru un look de zi cu zi, c\u00e2t \u0219i pentru unul elegant. Elementul cheie este alegerea pantalonilor sau a fustei potrivite \u0219i a accesoriilor. Iat\u0103 c\u00e2teva sugestii de stil care te pot ghida pe drumul cel bun.<\/p>\n<h2>Aspect casual cu m\u00e2neci lungi<\/h2>\n<p>Pentru un look casual, de zi cu zi, o bluz\u0103 cu m\u00e2nec\u0103 lung\u0103 se potrive\u0219te de minune cu blugi sau pantaloni sport. Secretul este s\u0103 alegi pantofi comozi, cum ar fi adida\u0219ii, care se vor potrivi perfect cu \u021binuta. Folose\u0219te accesorii simple pentru a evita ca aspectul s\u0103 devin\u0103 prea cople\u0219itor. Iat\u0103 o list\u0103 de piese inspira\u021bionale care se potrivesc bine cu o bluz\u0103 cu m\u00e2nec\u0103 lung\u0103 casual:<\/p>\n<ul>\n<li>Bijuterii simple: br\u0103\u021b\u0103ri \u0219i coliere delicate.<\/li>\n<li>Rucsac sau geant\u0103 de um\u0103r: solu\u021bii confortabile \u0219i practice.<\/li>\n<li>P\u0103l\u0103rie sau c\u0103ciul\u0103: adaug\u0103 caracter \u0219i stil.<\/li>\n<\/ul>\n<h2>Stil elegant cu m\u00e2nec\u0103 lung\u0103<\/h2>\n<p>\u00cen cazul ocaziilor mai formale, o rochie cu m\u00e2nec\u0103 lung\u0103 c\u00e2\u0219tig\u0103 elegan\u021b\u0103 atunci c\u00e2nd este asortat\u0103 cu fuste sau pantaloni potrivi\u021bi. Cheia succesului este \u0219i alegerea pantofilor, care ar trebui s\u0103 fie elegan\u021bi \u00een stil clasic. O geant\u0103 stilat\u0103 poate fi un complement perfect pentru \u00eentregul stil. Iat\u0103 c\u00e2teva accesorii care merit\u0103 luate \u00een considerare pentru o edi\u021bie elegant\u0103:<\/p>\n<ul>\n<li>Stiletto sau balerini: \u00eenc\u0103l\u021b\u0103minte clasic\u0103 care va accentua elegan\u021ba.<\/li>\n<li>Geant\u0103 mic\u0103: perfect\u0103 pentru ocazii formale.<\/li>\n<li>Bijuterii de \u00eenalt\u0103 calitate: ad\u0103ug\u00e2nd o not\u0103 de lux.<\/li>\n<\/ul>\n<h2>Stil sportiv cu m\u00e2nec\u0103 lung\u0103<\/h2>\n<p>O bluz\u0103 cu m\u00e2nec\u0103 lung\u0103 \u00een versiune sport este o alegere ideal\u0103 pentru activitatea fizic\u0103. Merit\u0103 s\u0103 investe\u0219ti \u00een modele cu inser\u021bii colorate sau logo-uri ale unor m\u0103rci celebre. Combinarea unei bluze cu m\u00e2nec\u0103 lung\u0103 cu colan\u021bi \u0219i pantofi sport creeaz\u0103 nu doar un aspect confortabil, ci \u0219i unul elegant. Iat\u0103 c\u00e2teva sugestii care merit\u0103 luate \u00een considerare \u00eentr-un stil sport:<\/p>\n<ul>\n<li>Colan\u021bi \u00een diverse culori: de la negrul clasic la culori intense.<\/li>\n<li>\u00cenc\u0103l\u021b\u0103minte sport: potrivit\u0103 pentru antrenament sau pentru purtare zilnic\u0103.<\/li>\n<li>\u00cembr\u0103c\u0103minte de exterior: jachet\u0103 u\u0219oar\u0103 \u00een stil sportiv.<\/li>\n<\/ul>\n<h2>Tricouri cu m\u00e2nec\u0103 lung\u0103 \u00een diferite anotimpuri<\/h2>\n<p>Tricourile cu m\u00e2nec\u0103 lung\u0103 sunt o alegere excelent\u0103 nu doar pentru zilele r\u0103coroase de toamn\u0103 \u0219i iarn\u0103, ci \u0219i prim\u0103vara. Vara, pot fi purtate \u00een combina\u021bie cu materiale u\u0219oare, ceea ce v\u0103 permite s\u0103 crea\u021bi stiluri lejere. Datorit\u0103 acestui fapt, pute\u021bi ob\u021bine combina\u021bii originale care vor p\u0103stra elegan\u021ba \u0219i stilul, fiind \u00een acela\u0219i timp confortabile. Mai jos este un tabel cu sugestii pentru stilizarea tricourilor cu m\u00e2nec\u0103 lung\u0103 \u00een diferite anotimpuri:<\/p>\n<table border=\"1\">\n<tr>\n<th>Sezon<\/th>\n<th>Stilizare<\/th>\n<\/tr>\n<tr>\n<td>Prim\u0103var\u0103<\/td>\n<td>M\u00e2nec\u0103 lung\u0103 + fust\u0103 u\u0219oar\u0103 + adida\u0219i<\/td>\n<\/tr>\n<tr>\n<td>Vara<\/td>\n<td>Tricou cu m\u00e2nec\u0103 lung\u0103 din material aerisit + pantaloni scur\u021bi + \u0219lapi<\/td>\n<\/tr>\n<tr>\n<td>Toamn\u0103<\/td>\n<td>Bluz\u0103 cu m\u00e2nec\u0103 lung\u0103 + blugi + ghete la glezn\u0103<\/td>\n<\/tr>\n<tr>\n<td>Iarn\u0103<\/td>\n<td>Tricou cu m\u00e2nec\u0103 lung\u0103 + pulover + jachet\u0103 de iarn\u0103<\/td>\n<\/tr>\n<\/table>\n<h2>Rezumat<\/h2>\n<p>Bluzele cu m\u00e2nec\u0103 lung\u0103 sunt un articol vestimentar versatil care merit\u0103 cu siguran\u021b\u0103 s\u0103 fie prezent \u00een garderob\u0103. Datorit\u0103 variet\u0103\u021bii de stiluri \u0219i culori, po\u021bi crea o multitudine de stiluri. Indiferent de ocazie, stilul potrivit cu o bluz\u0103 cu m\u00e2nec\u0103 lung\u0103 \u00ee\u021bi permite s\u0103-\u021bi exprimi stilul individual. Merit\u0103 s\u0103 experimentezi cu diferite accesorii \u0219i s\u0103 le asortezi cu propriile preferin\u021be. \u00cen fiecare sezon, bluzele cu m\u00e2nec\u0103 lung\u0103 \u00ee\u021bi ofer\u0103 oportunitatea de a crea combina\u021bii noi, unice, care atrag aten\u021bia. Prin urmare, alege o bluz\u0103 cu m\u00e2nec\u0103 lung\u0103 atunci c\u00e2nd vrei s\u0103 creezi un look la mod\u0103 \u0219i confortabil.<\/p>\n<h2>\u00centreb\u0103ri frecvente<\/h2>\n<ul>\n<li><strong>Ce materiale sunt cele mai bune de ales pentru un tricou cu m\u00e2nec\u0103 lung\u0103?<\/strong>\n<ul>\n<li>Cel mai bine este s\u0103 alege\u021bi bumbac, in sau amestecuri de \u021bes\u0103turi care s\u0103 asigure confort.<\/li>\n<\/ul>\n<\/li>\n<li><strong>Ce culori pentru tricouri cu m\u00e2nec\u0103 lung\u0103 sunt la mod\u0103 acum?<\/strong>\n<ul>\n<li>\u00cen acest sezon, culorile subtile sunt la mod\u0103, precum bej, m\u0103sliniu \u0219i clasicul alb-negru.<\/li>\n<\/ul>\n<\/li>\n<li><strong>Este o bluz\u0103 cu m\u00e2nec\u0103 lung\u0103 potrivit\u0103 pentru ocazii formale?<\/strong>\n<ul>\n<li>Da, dac\u0103 este asortat\u0103 bine cu pantalonii sau fusta potrivit\u0103, poate fi potrivit\u0103 chiar \u0219i pentru ocazii elegante.<\/li>\n<\/ul>\n<\/li>\n<li><strong>Ce accesorii se potrivesc cel mai bine cu un tricou cu m\u00e2nec\u0103 lung\u0103?<\/strong>\n<ul>\n<li>O alegere bun\u0103 vor fi accesoriile minimaliste care nu vor cople\u0219i \u00eentregul stil.<\/li>\n<\/ul>\n<\/li>\n<\/ul>","protected":false},"excerpt":{"rendered":"<p>Longsleeve to element garderoby, kt\u00f3ry z pewno\u015bci\u0105 zas\u0142uguje na miejsce w ka\u017cdym modnym zestawie. Nie tylko zapewnia komfort, ale tak\u017ce jest niezwykle wszechstronny, co czyni<\/p>","protected":false},"author":1,"featured_media":297,"comment_status":"closed","ping_status":"closed","sticky":false,"template":"","format":"standard","meta":{"_acf_changed":false,"footnotes":""},"categories":[1],"tags":[],"class_list":["post-311","post","type-post","status-publish","format-standard","has-post-thumbnail","hentry","category-blog"],"acf":[],"yoast_head":"<!-- This site is optimized with the Yoast SEO plugin v23.2 - https:\/\/yoast.com\/wordpress\/plugins\/seo\/ -->\n<title>Modny longsleeve \u2013 jak i z czym go nosi\u0107? Porady i inspiracje<\/title>\n<meta name=\"description\" content=\"Odkryj, jak stylizowa\u0107 longsleeve na r\u00f3\u017cne okazje oraz poznaj modne po\u0142\u0105czenia, kt\u00f3re zachwyc\u0105 ka\u017cd\u0105 fashionistk\u0119.\" \/>\n<meta name=\"robots\" content=\"index, follow, max-snippet:-1, max-image-preview:large, max-video-preview:-1\" \/>\n<link rel=\"canonical\" href=\"https:\/\/koalicjapolnoc.pl\/ro\/modny-longsleeve-jak-i-z-czym-go-nosic\/\" \/>\n<meta property=\"og:locale\" content=\"ro_RO\" \/>\n<meta property=\"og:type\" content=\"article\" \/>\n<meta property=\"og:title\" content=\"Modny longsleeve \u2013 jak i z czym go nosi\u0107? Porady i inspiracje\" \/>\n<meta property=\"og:description\" content=\"Odkryj, jak stylizowa\u0107 longsleeve na r\u00f3\u017cne okazje oraz poznaj modne po\u0142\u0105czenia, kt\u00f3re zachwyc\u0105 ka\u017cd\u0105 fashionistk\u0119.\" \/>\n<meta property=\"og:url\" content=\"https:\/\/koalicjapolnoc.pl\/ro\/modny-longsleeve-jak-i-z-czym-go-nosic\/\" \/>\n<meta property=\"og:site_name\" content=\"koalicjapolnoc.pl\" \/>\n<meta property=\"article:published_time\" content=\"2024-12-14T00:00:00+00:00\" \/>\n<meta property=\"og:image\" content=\"https:\/\/koalicjapolnoc.pl\/wp-content\/uploads\/imagea667120062724100b1b00a761e5b97e4.png\" \/>\n\t<meta property=\"og:image:width\" content=\"1024\" \/>\n\t<meta property=\"og:image:height\" content=\"768\" \/>\n\t<meta property=\"og:image:type\" content=\"image\/png\" \/>\n<meta name=\"author\" content=\"El\u017cbieta Szczepa\u0144ska\" \/>\n<meta name=\"twitter:card\" content=\"summary_large_image\" \/>\n<meta name=\"twitter:label1\" content=\"Scris de\" \/>\n\t<meta name=\"twitter:data1\" content=\"El\u017cbieta Szczepa\u0144ska\" \/>\n\t<meta name=\"twitter:label2\" content=\"Timp estimat pentru citire\" \/>\n\t<meta name=\"twitter:data2\" content=\"5 minute\" \/>\n<script type=\"application\/ld+json\" class=\"yoast-schema-graph\">{\"@context\":\"https:\/\/schema.org\",\"@graph\":[{\"@type\":\"WebPage\",\"@id\":\"https:\/\/koalicjapolnoc.pl\/modny-longsleeve-jak-i-z-czym-go-nosic\/\",\"url\":\"https:\/\/koalicjapolnoc.pl\/modny-longsleeve-jak-i-z-czym-go-nosic\/\",\"name\":\"Modny longsleeve \u2013 jak i z czym go nosi\u0107? Porady i inspiracje\",\"isPartOf\":{\"@id\":\"https:\/\/koalicjapolnoc.pl\/#website\"},\"primaryImageOfPage\":{\"@id\":\"https:\/\/koalicjapolnoc.pl\/modny-longsleeve-jak-i-z-czym-go-nosic\/#primaryimage\"},\"image\":{\"@id\":\"https:\/\/koalicjapolnoc.pl\/modny-longsleeve-jak-i-z-czym-go-nosic\/#primaryimage\"},\"thumbnailUrl\":\"https:\/\/koalicjapolnoc.pl\/wp-content\/uploads\/imagea667120062724100b1b00a761e5b97e4.png\",\"datePublished\":\"2024-12-14T00:00:00+00:00\",\"dateModified\":\"2024-12-14T00:00:00+00:00\",\"author\":{\"@id\":\"https:\/\/koalicjapolnoc.pl\/#\/schema\/person\/7d47e60bd3ee98cb2c276d958285d1bb\"},\"description\":\"Odkryj, jak stylizowa\u0107 longsleeve na r\u00f3\u017cne okazje oraz poznaj modne po\u0142\u0105czenia, kt\u00f3re zachwyc\u0105 ka\u017cd\u0105 fashionistk\u0119.\",\"breadcrumb\":{\"@id\":\"https:\/\/koalicjapolnoc.pl\/modny-longsleeve-jak-i-z-czym-go-nosic\/#breadcrumb\"},\"inLanguage\":\"ro-RO\",\"potentialAction\":[{\"@type\":\"ReadAction\",\"target\":[\"https:\/\/koalicjapolnoc.pl\/modny-longsleeve-jak-i-z-czym-go-nosic\/\"]}]},{\"@type\":\"ImageObject\",\"inLanguage\":\"ro-RO\",\"@id\":\"https:\/\/koalicjapolnoc.pl\/modny-longsleeve-jak-i-z-czym-go-nosic\/#primaryimage\",\"url\":\"https:\/\/koalicjapolnoc.pl\/wp-content\/uploads\/imagea667120062724100b1b00a761e5b97e4.png\",\"contentUrl\":\"https:\/\/koalicjapolnoc.pl\/wp-content\/uploads\/imagea667120062724100b1b00a761e5b97e4.png\",\"width\":1024,\"height\":768},{\"@type\":\"BreadcrumbList\",\"@id\":\"https:\/\/koalicjapolnoc.pl\/modny-longsleeve-jak-i-z-czym-go-nosic\/#breadcrumb\",\"itemListElement\":[{\"@type\":\"ListItem\",\"position\":1,\"name\":\"Home\",\"item\":\"https:\/\/koalicjapolnoc.pl\/\"},{\"@type\":\"ListItem\",\"position\":2,\"name\":\"Modny longsleeve \u2013 jak i z czym go nosi\u0107?\"}]},{\"@type\":\"WebSite\",\"@id\":\"https:\/\/koalicjapolnoc.pl\/#website\",\"url\":\"https:\/\/koalicjapolnoc.pl\/\",\"name\":\"koalicjapolnoc.pl\",\"description\":\"Moda na bluzy: styl, wygoda, historia.\",\"potentialAction\":[{\"@type\":\"SearchAction\",\"target\":{\"@type\":\"EntryPoint\",\"urlTemplate\":\"https:\/\/koalicjapolnoc.pl\/?s={search_term_string}\"},\"query-input\":\"required name=search_term_string\"}],\"inLanguage\":\"ro-RO\"},{\"@type\":\"Person\",\"@id\":\"https:\/\/koalicjapolnoc.pl\/#\/schema\/person\/7d47e60bd3ee98cb2c276d958285d1bb\",\"name\":\"El\u017cbieta Szczepa\u0144ska\",\"image\":{\"@type\":\"ImageObject\",\"inLanguage\":\"ro-RO\",\"@id\":\"https:\/\/koalicjapolnoc.pl\/#\/schema\/person\/image\/\",\"url\":\"https:\/\/koalicjapolnoc.pl\/wp-content\/uploads\/pixinllhbw7_ad_avatar-96x96.jpg\",\"contentUrl\":\"https:\/\/koalicjapolnoc.pl\/wp-content\/uploads\/pixinllhbw7_ad_avatar-96x96.jpg\",\"caption\":\"El\u017cbieta Szczepa\u0144ska\"},\"description\":\"Jestem El\u017cbieta Szczepa\u0144ska, projektantka mody z wieloletnim do\u015bwiadczeniem w bran\u017cy. Tworzy\u0142am kolekcje dla presti\u017cowych marek, wsp\u00f3\u0142pracowa\u0142am z magazynami. Moj\u0105 misj\u0105 jest inspirowanie innych do odkrywania w\u0142asnego stylu i \u015bwiadomych wybor\u00f3w w modzie.\",\"url\":\"https:\/\/koalicjapolnoc.pl\/ro\/author\/elzbieta-szczepanska\/\"}]}<\/script>\n<!-- \/ Yoast SEO plugin. -->","yoast_head_json":{"title":"Modny longsleeve \u2013 jak i z czym go nosi\u0107? Porady i inspiracje","description":"Odkryj, jak stylizowa\u0107 longsleeve na r\u00f3\u017cne okazje oraz poznaj modne po\u0142\u0105czenia, kt\u00f3re zachwyc\u0105 ka\u017cd\u0105 fashionistk\u0119.","robots":{"index":"index","follow":"follow","max-snippet":"max-snippet:-1","max-image-preview":"max-image-preview:large","max-video-preview":"max-video-preview:-1"},"canonical":"https:\/\/koalicjapolnoc.pl\/ro\/modny-longsleeve-jak-i-z-czym-go-nosic\/","og_locale":"ro_RO","og_type":"article","og_title":"Modny longsleeve \u2013 jak i z czym go nosi\u0107? Porady i inspiracje","og_description":"Odkryj, jak stylizowa\u0107 longsleeve na r\u00f3\u017cne okazje oraz poznaj modne po\u0142\u0105czenia, kt\u00f3re zachwyc\u0105 ka\u017cd\u0105 fashionistk\u0119.","og_url":"https:\/\/koalicjapolnoc.pl\/ro\/modny-longsleeve-jak-i-z-czym-go-nosic\/","og_site_name":"koalicjapolnoc.pl","article_published_time":"2024-12-14T00:00:00+00:00","og_image":[{"width":1024,"height":768,"url":"https:\/\/koalicjapolnoc.pl\/wp-content\/uploads\/imagea667120062724100b1b00a761e5b97e4.png","type":"image\/png"}],"author":"El\u017cbieta Szczepa\u0144ska","twitter_card":"summary_large_image","twitter_misc":{"Scris de":"El\u017cbieta Szczepa\u0144ska","Timp estimat pentru citire":"5 minute"},"schema":{"@context":"https:\/\/schema.org","@graph":[{"@type":"WebPage","@id":"https:\/\/koalicjapolnoc.pl\/modny-longsleeve-jak-i-z-czym-go-nosic\/","url":"https:\/\/koalicjapolnoc.pl\/modny-longsleeve-jak-i-z-czym-go-nosic\/","name":"Modny longsleeve \u2013 jak i z czym go nosi\u0107? Porady i inspiracje","isPartOf":{"@id":"https:\/\/koalicjapolnoc.pl\/#website"},"primaryImageOfPage":{"@id":"https:\/\/koalicjapolnoc.pl\/modny-longsleeve-jak-i-z-czym-go-nosic\/#primaryimage"},"image":{"@id":"https:\/\/koalicjapolnoc.pl\/modny-longsleeve-jak-i-z-czym-go-nosic\/#primaryimage"},"thumbnailUrl":"https:\/\/koalicjapolnoc.pl\/wp-content\/uploads\/imagea667120062724100b1b00a761e5b97e4.png","datePublished":"2024-12-14T00:00:00+00:00","dateModified":"2024-12-14T00:00:00+00:00","author":{"@id":"https:\/\/koalicjapolnoc.pl\/#\/schema\/person\/7d47e60bd3ee98cb2c276d958285d1bb"},"description":"Odkryj, jak stylizowa\u0107 longsleeve na r\u00f3\u017cne okazje oraz poznaj modne po\u0142\u0105czenia, kt\u00f3re zachwyc\u0105 ka\u017cd\u0105 fashionistk\u0119.","breadcrumb":{"@id":"https:\/\/koalicjapolnoc.pl\/modny-longsleeve-jak-i-z-czym-go-nosic\/#breadcrumb"},"inLanguage":"ro-RO","potentialAction":[{"@type":"ReadAction","target":["https:\/\/koalicjapolnoc.pl\/modny-longsleeve-jak-i-z-czym-go-nosic\/"]}]},{"@type":"ImageObject","inLanguage":"ro-RO","@id":"https:\/\/koalicjapolnoc.pl\/modny-longsleeve-jak-i-z-czym-go-nosic\/#primaryimage","url":"https:\/\/koalicjapolnoc.pl\/wp-content\/uploads\/imagea667120062724100b1b00a761e5b97e4.png","contentUrl":"https:\/\/koalicjapolnoc.pl\/wp-content\/uploads\/imagea667120062724100b1b00a761e5b97e4.png","width":1024,"height":768},{"@type":"BreadcrumbList","@id":"https:\/\/koalicjapolnoc.pl\/modny-longsleeve-jak-i-z-czym-go-nosic\/#breadcrumb","itemListElement":[{"@type":"ListItem","position":1,"name":"Home","item":"https:\/\/koalicjapolnoc.pl\/"},{"@type":"ListItem","position":2,"name":"Modny longsleeve \u2013 jak i z czym go nosi\u0107?"}]},{"@type":"WebSite","@id":"https:\/\/koalicjapolnoc.pl\/#website","url":"https:\/\/koalicjapolnoc.pl\/","name":"koalicjapolnoc.pl","description":"Moda na bluzy: styl, wygoda, historia.","potentialAction":[{"@type":"SearchAction","target":{"@type":"EntryPoint","urlTemplate":"https:\/\/koalicjapolnoc.pl\/?s={search_term_string}"},"query-input":"required name=search_term_string"}],"inLanguage":"ro-RO"},{"@type":"Person","@id":"https:\/\/koalicjapolnoc.pl\/#\/schema\/person\/7d47e60bd3ee98cb2c276d958285d1bb","name":"El\u017cbieta Szczepa\u0144ska","image":{"@type":"ImageObject","inLanguage":"ro-RO","@id":"https:\/\/koalicjapolnoc.pl\/#\/schema\/person\/image\/","url":"https:\/\/koalicjapolnoc.pl\/wp-content\/uploads\/pixinllhbw7_ad_avatar-96x96.jpg","contentUrl":"https:\/\/koalicjapolnoc.pl\/wp-content\/uploads\/pixinllhbw7_ad_avatar-96x96.jpg","caption":"El\u017cbieta Szczepa\u0144ska"},"description":"Jestem El\u017cbieta Szczepa\u0144ska, projektantka mody z wieloletnim do\u015bwiadczeniem w bran\u017cy. Tworzy\u0142am kolekcje dla presti\u017cowych marek, wsp\u00f3\u0142pracowa\u0142am z magazynami. Moj\u0105 misj\u0105 jest inspirowanie innych do odkrywania w\u0142asnego stylu i \u015bwiadomych wybor\u00f3w w modzie.","url":"https:\/\/koalicjapolnoc.pl\/ro\/author\/elzbieta-szczepanska\/"}]}},"yoast_meta":{"yoast_wpseo_title":"","yoast_wpseo_metadesc":"","yoast_wpseo_canonical":"https:\/\/koalicjapolnoc.pl\/ro\/wp-json\/wp\/v2\/posts\/311"},"_links":{"self":[{"href":"https:\/\/koalicjapolnoc.pl\/ro\/wp-json\/wp\/v2\/posts\/311","targetHints":{"allow":["GET"]}}],"collection":[{"href":"https:\/\/koalicjapolnoc.pl\/ro\/wp-json\/wp\/v2\/posts"}],"about":[{"href":"https:\/\/koalicjapolnoc.pl\/ro\/wp-json\/wp\/v2\/types\/post"}],"author":[{"embeddable":true,"href":"https:\/\/koalicjapolnoc.pl\/ro\/wp-json\/wp\/v2\/users\/1"}],"replies":[{"embeddable":true,"href":"https:\/\/koalicjapolnoc.pl\/ro\/wp-json\/wp\/v2\/comments?post=311"}],"version-history":[{"count":1,"href":"https:\/\/koalicjapolnoc.pl\/ro\/wp-json\/wp\/v2\/posts\/311\/revisions"}],"predecessor-version":[{"id":317,"href":"https:\/\/koalicjapolnoc.pl\/ro\/wp-json\/wp\/v2\/posts\/311\/revisions\/317"}],"wp:featuredmedia":[{"embeddable":true,"href":"https:\/\/koalicjapolnoc.pl\/ro\/wp-json\/wp\/v2\/media\/297"}],"wp:attachment":[{"href":"https:\/\/koalicjapolnoc.pl\/ro\/wp-json\/wp\/v2\/media?parent=311"}],"wp:term":[{"taxonomy":"category","embeddable":true,"href":"https:\/\/koalicjapolnoc.pl\/ro\/wp-json\/wp\/v2\/categories?post=311"},{"taxonomy":"post_tag","embeddable":true,"href":"https:\/\/koalicjapolnoc.pl\/ro\/wp-json\/wp\/v2\/tags?post=311"}],"curies":[{"name":"wp","href":"https:\/\/api.w.org\/{rel}","templated":true}]}}