{"id":315,"date":"2024-12-14T00:00:00","date_gmt":"2024-12-14T00:00:00","guid":{"rendered":"https:\/\/koalicjapolnoc.pl\/?p=315"},"modified":"2024-12-14T00:00:00","modified_gmt":"2024-12-14T00:00:00","slug":"jak-ubrac-sie-modnie-na-zimowe-spacery-i-sporty-na-swiezym-powietrzu","status":"publish","type":"post","link":"https:\/\/koalicjapolnoc.pl\/ro\/jak-ubrac-sie-modnie-na-zimowe-spacery-i-sporty-na-swiezym-powietrzu\/","title":{"rendered":"Cum s\u0103 te \u00eembraci elegant pentru plimb\u0103rile de iarn\u0103 \u0219i sporturile \u00een aer liber?"},"content":{"rendered":"<div class=\"kk-star-ratings kksr-auto kksr-align-left kksr-valign-top\"\n    data-payload='{&quot;align&quot;:&quot;left&quot;,&quot;id&quot;:&quot;315&quot;,&quot;slug&quot;:&quot;default&quot;,&quot;valign&quot;:&quot;top&quot;,&quot;ignore&quot;:&quot;&quot;,&quot;reference&quot;:&quot;auto&quot;,&quot;class&quot;:&quot;&quot;,&quot;count&quot;:&quot;0&quot;,&quot;legendonly&quot;:&quot;&quot;,&quot;readonly&quot;:&quot;&quot;,&quot;score&quot;:&quot;0&quot;,&quot;starsonly&quot;:&quot;&quot;,&quot;best&quot;:&quot;5&quot;,&quot;gap&quot;:&quot;5&quot;,&quot;greet&quot;:&quot;&quot;,&quot;legend&quot;:&quot;0\\\/5 - (0 votes)&quot;,&quot;size&quot;:&quot;24&quot;,&quot;title&quot;:&quot;Jak ubra\u0107 si\u0119 modnie na zimowe spacery i sporty na \u015bwie\u017cym powietrzu?&quot;,&quot;width&quot;:&quot;0&quot;,&quot;_legend&quot;:&quot;{score}\\\/{best} - ({count} {votes})&quot;,&quot;font_factor&quot;:&quot;1.25&quot;}'>\n            \n<div class=\"kksr-stars\">\n    \n<div class=\"kksr-stars-inactive\">\n            <div class=\"kksr-star\" data-star=\"1\" style=\"padding-right: 5px\">\n            \n\n<div class=\"kksr-icon\" style=\"width: 24px; height: 24px;\"><\/div>\n        <\/div>\n            <div class=\"kksr-star\" data-star=\"2\" style=\"padding-right: 5px\">\n            \n\n<div class=\"kksr-icon\" style=\"width: 24px; height: 24px;\"><\/div>\n        <\/div>\n            <div class=\"kksr-star\" data-star=\"3\" style=\"padding-right: 5px\">\n            \n\n<div class=\"kksr-icon\" style=\"width: 24px; height: 24px;\"><\/div>\n        <\/div>\n            <div class=\"kksr-star\" data-star=\"4\" style=\"padding-right: 5px\">\n            \n\n<div class=\"kksr-icon\" style=\"width: 24px; height: 24px;\"><\/div>\n        <\/div>\n            <div class=\"kksr-star\" data-star=\"5\" style=\"padding-right: 5px\">\n            \n\n<div class=\"kksr-icon\" style=\"width: 24px; height: 24px;\"><\/div>\n        <\/div>\n    <\/div>\n    \n<div class=\"kksr-stars-active\" style=\"width: 0px;\">\n            <div class=\"kksr-star\" style=\"padding-right: 5px\">\n            \n\n<div class=\"kksr-icon\" style=\"width: 24px; height: 24px;\"><\/div>\n        <\/div>\n            <div class=\"kksr-star\" style=\"padding-right: 5px\">\n            \n\n<div class=\"kksr-icon\" style=\"width: 24px; height: 24px;\"><\/div>\n        <\/div>\n            <div class=\"kksr-star\" style=\"padding-right: 5px\">\n            \n\n<div class=\"kksr-icon\" style=\"width: 24px; height: 24px;\"><\/div>\n        <\/div>\n            <div class=\"kksr-star\" style=\"padding-right: 5px\">\n            \n\n<div class=\"kksr-icon\" style=\"width: 24px; height: 24px;\"><\/div>\n        <\/div>\n            <div class=\"kksr-star\" style=\"padding-right: 5px\">\n            \n\n<div class=\"kksr-icon\" style=\"width: 24px; height: 24px;\"><\/div>\n        <\/div>\n    <\/div>\n<\/div>\n                \n\n<div class=\"kksr-legend\" style=\"font-size: 19.2px;\">\n            <span class=\"kksr-muted\"><\/span>\n    <\/div>\n    <\/div>\n<p>Iarna este o perioad\u0103 care necesit\u0103 o garderob\u0103 bine g\u00e2ndit\u0103 pentru a te bucura de activit\u0103\u021bi \u00een aer liber. Nu exist\u0103 nimic mai bun dec\u00e2t o plimbare \u00eentr-un peisaj pitoresc \u00eenghe\u021bat, dar \u00eembr\u0103c\u0103mintea potrivit\u0103 este crucial\u0103 pentru bun\u0103stare. Stilul de iarn\u0103 nu ar trebui s\u0103 fie doar func\u021bional, ci \u0219i la mod\u0103, permi\u021b\u00e2ndu-ne s\u0103 ne exprim\u0103m \u00een aceast\u0103 perioad\u0103 special\u0103 a anului. A\u0219adar, cum alegi piesele potrivite care combin\u0103 confortul cu elegan\u021ba? Iat\u0103 c\u00e2teva sfaturi dovedite care te pot ajuta s\u0103 creezi \u021binutele perfecte de iarn\u0103.<\/p>\n<p>Primul pas este s\u0103 \u00een\u021belegi ce materiale func\u021bioneaz\u0103 cel mai bine la temperaturi sc\u0103zute. \u00cembr\u0103c\u0103mintea ar trebui s\u0103 fie c\u0103lduroas\u0103, dar respirabil\u0103, pentru a reduce disconfortul atunci c\u00e2nd petreci timp \u00een aer liber. Este important s\u0103 \u0219tii cum s\u0103 alegi straturile potrivite care \u00ee\u021bi vor permite s\u0103-\u021bi adaptezi cu u\u0219urin\u021b\u0103 \u021binuta la condi\u021biile meteorologice schimb\u0103toare. Atunci c\u00e2nd alegi moda de iarn\u0103, aminte\u0219te-\u021bi c\u0103 un look la mod\u0103 nu trebuie s\u0103 \u00eensemne renun\u021barea la c\u0103ldur\u0103 \u0219i confort. <\/p>\n<h2>Alegerea materialelor potrivite<\/h2>\n<p><img decoding=\"async\" alt=\"Zimowe ubrania na drewnianym stole: sweter, kurtka, czapka i r\u0119kawiczki przy oknie.\" src=\"https:\/\/koalicjapolnoc.pl\/wp-content\/uploads\/imagec8f17c7fd2b240b694cd3cafe93a4b9e.png\"\/><\/p>\n<p>Exist\u0103 o varietate de materiale disponibile pe pia\u021b\u0103 care sunt perfecte pentru stilul de iarn\u0103. Merit\u0103 s\u0103 acord\u0103m aten\u021bie propriet\u0103\u021bilor lor care ne vor oferi at\u00e2t c\u0103ldur\u0103, c\u00e2t \u0219i confort. Iat\u0103 c\u00e2teva \u021bes\u0103turi care sunt o alegere excelent\u0103 pentru iarn\u0103:<\/p>\n<ul>\n<li><strong>L\u00e2n\u0103<\/strong> \u2013 izoleaz\u0103 perfect c\u0103ldura \u0219i este respirabil \u00een mod natural.<\/li>\n<li><strong>L\u00e2n\u0103<\/strong> \u2013 material u\u0219or, cald \u0219i pl\u0103cut la atingere, ideal pentru purtarea zilnic\u0103.<\/li>\n<li><strong>Sintetice<\/strong> \u2013 protejeaz\u0103 perfect \u00eempotriva v\u00e2ntului \u0219i a umezelii, fiind o alegere excelent\u0103 pentru activit\u0103\u021bi intense.<\/li>\n<\/ul>\n<h2>Straturi de \u00eembr\u0103c\u0103minte<\/h2>\n<p><img decoding=\"async\" alt=\"Kobieta spaceruje \u015bnie\u017cn\u0105 \u015bcie\u017ck\u0105 mi\u0119dzy drzewami, ubrana w czerwon\u0105 kurtk\u0119 i zimowe buty.\" src=\"https:\/\/koalicjapolnoc.pl\/wp-content\/uploads\/imagec66615d1d50e4c539addf4bda91f5eac.png\"\/><\/p>\n<p>Unul dintre elementele cheie ale unei \u00eembr\u0103c\u0103minte adecvate pentru plimb\u0103rile de iarn\u0103 este tehnica \u00eembr\u0103c\u0103rii \u00een straturi. Acest lucru ne va permite s\u0103 ne regl\u0103m cu u\u0219urin\u021b\u0103 temperatura, ceea ce este deosebit de important \u00een timpul diferitelor activit\u0103\u021bi. Iat\u0103 elementele care ar trebui incluse \u00een fiecare stil vestimentar de iarn\u0103:<\/p>\n<table border=\"1\">\n<tr>\n<th>Strat<\/th>\n<th>Descriere<\/th>\n<\/tr>\n<tr>\n<td>Baza<\/td>\n<td>Lenjerie termic\u0103 care elimin\u0103 eficient umezeala de la corp.<\/td>\n<\/tr>\n<tr>\n<td>Strat izolator<\/td>\n<td>Un pulover sau o jachet\u0103 de fleece care s\u0103 te \u021bin\u0103 de cald \u0219i s\u0103 adauge stil.<\/td>\n<\/tr>\n<tr>\n<td>Stratul superior<\/td>\n<td>Jachet\u0103 sau palton impermeabil \u0219i rezistent la v\u00e2nt pentru protec\u021bie complet\u0103.<\/td>\n<\/tr>\n<\/table>\n<h2>Accesorii de iarn\u0103 la mod\u0103<\/h2>\n<p>Accesoriile sunt de mare importan\u021b\u0103 \u00een stilul de iarn\u0103. Ele pot da hainelor noastre un caracter unic \u0219i ne pot oferi un confort suplimentar. Iat\u0103 c\u00e2teva accesorii pe care merit\u0103 s\u0103 le ai \u00een garderoba ta de iarn\u0103:<\/p>\n<ul>\n<li><strong>P\u0103l\u0103rii<\/strong> \u2013 alege modele c\u0103lduroase, cum ar fi berete sau c\u0103ciuli, care se vor potrivi cu diverse stiluri.<\/li>\n<li><strong>\u0218aluri<\/strong> \u2013 e\u0219arfele groase, de l\u00e2n\u0103, nu numai c\u0103 te \u021bin de cald, dar adaug\u0103 \u0219i elegan\u021b\u0103.<\/li>\n<li><strong>M\u0103nu\u0219i<\/strong> \u2013 func\u021bionale, dar la mod\u0103, vor fi completarea perfect\u0103 a \u021binutei tale de iarn\u0103.<\/li>\n<\/ul>\n<h2>\u00cenc\u0103l\u021b\u0103minte pentru plimb\u0103ri \u0219i sporturi de iarn\u0103<\/h2>\n<p>Alegerea \u00eenc\u0103l\u021b\u0103mintei potrivite este un pas esen\u021bial c\u0103tre confort \u0219i siguran\u021b\u0103 \u00een timpul activit\u0103\u021bilor de iarn\u0103. Unele tipuri de \u00eenc\u0103l\u021b\u0103minte sunt mai potrivite pentru z\u0103pad\u0103, \u00een timp ce altele vor oferi trac\u021biune pe ghea\u021b\u0103. Este esen\u021bial s\u0103 fii con\u0219tient de caracteristicile pe care ar trebui s\u0103 le aib\u0103 \u00eenc\u0103l\u021b\u0103mintea ta pentru a rezista condi\u021biilor de iarn\u0103. Alege-le pe cele care sunt impermeabile \u0219i bine izolate, asigur\u00e2nd confort \u00een toate condi\u021biile. <\/p>\n<h2>Inspira\u021bie elegant\u0103 pentru plimb\u0103rile de iarn\u0103<\/h2>\n<p>G\u0103sirea inspira\u021biei pentru stilul de iarn\u0103 poate fi incredibil de interesant\u0103. Urmeaz\u0103 tendin\u021bele modei, dar aminte\u0219te-\u021bi c\u0103 \u0219i individualitatea este esen\u021bial\u0103. Alege culori care se vor armoniza cu personalitatea \u0219i stilul t\u0103u de via\u021b\u0103. Combin\u0103 elegan\u021ba cu func\u021bionalitatea, ceea ce te va ajuta s\u0103 creezi \u021binute unice care vor atrage aten\u021bia celorlal\u021bi. Plimb\u0103rile pe vreme de iarn\u0103 vor fi mai pl\u0103cute atunci c\u00e2nd ne vom sim\u021bi bine \u00een propria piele \u0219i hainele ne vor scoate \u00een eviden\u021b\u0103 atuurile.<\/p>\n<h2>Rezumat<\/h2>\n<p>Stilul de iarn\u0103 este o combina\u021bie de confort, func\u021bionalitate \u0219i accente la mod\u0103. Materialele atent selectate, straturile de \u00eembr\u0103c\u0103minte \u0219i accesoriile la mod\u0103 vor face din fiecare activitate de iarn\u0103 o pl\u0103cere. Din p\u0103cate, nu este \u00eentotdeauna u\u0219or s\u0103 g\u0103se\u0219ti echilibrul perfect \u00eentre stil \u0219i confort, dar nu uita c\u0103 exist\u0103 multe op\u021biuni care pot fi at\u00e2t practice, c\u00e2t \u0219i estetice. Datorit\u0103 sfaturilor noastre, plimb\u0103rile \u0219i sporturile de iarn\u0103 devin nu doar confortabile, ci \u0219i pline de inspira\u021bie \u00een materie de mod\u0103.<\/p>\n<h2>\u00centreb\u0103ri frecvente<\/h2>\n<ul>\n<li><strong>Ce materiale sunt cele mai bune pentru iarn\u0103?<\/strong> Cele mai bune materiale sunt l\u00e2na, fleece-ul \u0219i sinteticele, care sunt c\u0103lduroase \u0219i respirabile.<\/li>\n<li><strong>Ce elemente ar trebui s\u0103 fie \u00een stratul de baz\u0103?<\/strong> Stratul de baz\u0103 ar trebui s\u0103 fie format din lenjerie termic\u0103 care elimin\u0103 umezeala.<\/li>\n<li><strong>Ce accesorii merit\u0103 s\u0103 ai pentru plimb\u0103rile de iarn\u0103?<\/strong> Merit\u0103 s\u0103 v\u0103 aproviziona\u021bi cu p\u0103l\u0103rii, e\u0219arfe \u0219i m\u0103nu\u0219i func\u021bionale.<\/li>\n<li><strong>Ce \u00eenc\u0103l\u021b\u0103minte s\u0103 alegi pentru sporturile de iarn\u0103?<\/strong> Ghetele impermeabile \u0219i pantofii sport cu aderen\u021b\u0103 vor fi ideali.<\/li>\n<\/ul>","protected":false},"excerpt":{"rendered":"<p>Zima to czas, kt\u00f3ry wymaga od nas przemy\u015blanej garderoby, aby m\u00f3c cieszy\u0107 si\u0119 aktywno\u015bci\u0105 na \u015bwie\u017cym powietrzu. Nie ma nic lepszego ni\u017c spacer w malowniczo<\/p>","protected":false},"author":1,"featured_media":293,"comment_status":"closed","ping_status":"closed","sticky":false,"template":"","format":"standard","meta":{"_acf_changed":false,"footnotes":""},"categories":[1],"tags":[],"class_list":["post-315","post","type-post","status-publish","format-standard","has-post-thumbnail","hentry","category-blog"],"acf":[],"yoast_head":"<!-- This site is optimized with the Yoast SEO plugin v23.2 - https:\/\/yoast.com\/wordpress\/plugins\/seo\/ -->\n<title>Jak modnie ubra\u0107 si\u0119 na zimowe spacery i sporty na \u015bwie\u017cym powietrzu? Porady stylowe<\/title>\n<meta name=\"description\" content=\"Dowiedz si\u0119, jak \u0142\u0105czy\u0107 mod\u0119 z funkcjonalno\u015bci\u0105 podczas zimowych spacer\u00f3w i sport\u00f3w. Odkryj idealne materia\u0142y i dodatki!\" \/>\n<meta name=\"robots\" content=\"index, follow, max-snippet:-1, max-image-preview:large, max-video-preview:-1\" \/>\n<link rel=\"canonical\" href=\"https:\/\/koalicjapolnoc.pl\/ro\/jak-ubrac-sie-modnie-na-zimowe-spacery-i-sporty-na-swiezym-powietrzu\/\" \/>\n<meta property=\"og:locale\" content=\"ro_RO\" \/>\n<meta property=\"og:type\" content=\"article\" \/>\n<meta property=\"og:title\" content=\"Jak modnie ubra\u0107 si\u0119 na zimowe spacery i sporty na \u015bwie\u017cym powietrzu? Porady stylowe\" \/>\n<meta property=\"og:description\" content=\"Dowiedz si\u0119, jak \u0142\u0105czy\u0107 mod\u0119 z funkcjonalno\u015bci\u0105 podczas zimowych spacer\u00f3w i sport\u00f3w. Odkryj idealne materia\u0142y i dodatki!\" \/>\n<meta property=\"og:url\" content=\"https:\/\/koalicjapolnoc.pl\/ro\/jak-ubrac-sie-modnie-na-zimowe-spacery-i-sporty-na-swiezym-powietrzu\/\" \/>\n<meta property=\"og:site_name\" content=\"koalicjapolnoc.pl\" \/>\n<meta property=\"article:published_time\" content=\"2024-12-14T00:00:00+00:00\" \/>\n<meta property=\"og:image\" content=\"https:\/\/koalicjapolnoc.pl\/wp-content\/uploads\/image03cdc42e0aae451c849ac8c7e30a5e62.png\" \/>\n\t<meta property=\"og:image:width\" content=\"1024\" \/>\n\t<meta property=\"og:image:height\" content=\"768\" \/>\n\t<meta property=\"og:image:type\" content=\"image\/png\" \/>\n<meta name=\"author\" content=\"El\u017cbieta Szczepa\u0144ska\" \/>\n<meta name=\"twitter:card\" content=\"summary_large_image\" \/>\n<meta name=\"twitter:label1\" content=\"Scris de\" \/>\n\t<meta name=\"twitter:data1\" content=\"El\u017cbieta Szczepa\u0144ska\" \/>\n\t<meta name=\"twitter:label2\" content=\"Timp estimat pentru citire\" \/>\n\t<meta name=\"twitter:data2\" content=\"4 minute\" \/>\n<script type=\"application\/ld+json\" class=\"yoast-schema-graph\">{\"@context\":\"https:\/\/schema.org\",\"@graph\":[{\"@type\":\"WebPage\",\"@id\":\"https:\/\/koalicjapolnoc.pl\/jak-ubrac-sie-modnie-na-zimowe-spacery-i-sporty-na-swiezym-powietrzu\/\",\"url\":\"https:\/\/koalicjapolnoc.pl\/jak-ubrac-sie-modnie-na-zimowe-spacery-i-sporty-na-swiezym-powietrzu\/\",\"name\":\"Jak modnie ubra\u0107 si\u0119 na zimowe spacery i sporty na \u015bwie\u017cym powietrzu? Porady stylowe\",\"isPartOf\":{\"@id\":\"https:\/\/koalicjapolnoc.pl\/#website\"},\"primaryImageOfPage\":{\"@id\":\"https:\/\/koalicjapolnoc.pl\/jak-ubrac-sie-modnie-na-zimowe-spacery-i-sporty-na-swiezym-powietrzu\/#primaryimage\"},\"image\":{\"@id\":\"https:\/\/koalicjapolnoc.pl\/jak-ubrac-sie-modnie-na-zimowe-spacery-i-sporty-na-swiezym-powietrzu\/#primaryimage\"},\"thumbnailUrl\":\"https:\/\/koalicjapolnoc.pl\/wp-content\/uploads\/image03cdc42e0aae451c849ac8c7e30a5e62.png\",\"datePublished\":\"2024-12-14T00:00:00+00:00\",\"dateModified\":\"2024-12-14T00:00:00+00:00\",\"author\":{\"@id\":\"https:\/\/koalicjapolnoc.pl\/#\/schema\/person\/7d47e60bd3ee98cb2c276d958285d1bb\"},\"description\":\"Dowiedz si\u0119, jak \u0142\u0105czy\u0107 mod\u0119 z funkcjonalno\u015bci\u0105 podczas zimowych spacer\u00f3w i sport\u00f3w. Odkryj idealne materia\u0142y i dodatki!\",\"breadcrumb\":{\"@id\":\"https:\/\/koalicjapolnoc.pl\/jak-ubrac-sie-modnie-na-zimowe-spacery-i-sporty-na-swiezym-powietrzu\/#breadcrumb\"},\"inLanguage\":\"ro-RO\",\"potentialAction\":[{\"@type\":\"ReadAction\",\"target\":[\"https:\/\/koalicjapolnoc.pl\/jak-ubrac-sie-modnie-na-zimowe-spacery-i-sporty-na-swiezym-powietrzu\/\"]}]},{\"@type\":\"ImageObject\",\"inLanguage\":\"ro-RO\",\"@id\":\"https:\/\/koalicjapolnoc.pl\/jak-ubrac-sie-modnie-na-zimowe-spacery-i-sporty-na-swiezym-powietrzu\/#primaryimage\",\"url\":\"https:\/\/koalicjapolnoc.pl\/wp-content\/uploads\/image03cdc42e0aae451c849ac8c7e30a5e62.png\",\"contentUrl\":\"https:\/\/koalicjapolnoc.pl\/wp-content\/uploads\/image03cdc42e0aae451c849ac8c7e30a5e62.png\",\"width\":1024,\"height\":768},{\"@type\":\"BreadcrumbList\",\"@id\":\"https:\/\/koalicjapolnoc.pl\/jak-ubrac-sie-modnie-na-zimowe-spacery-i-sporty-na-swiezym-powietrzu\/#breadcrumb\",\"itemListElement\":[{\"@type\":\"ListItem\",\"position\":1,\"name\":\"Home\",\"item\":\"https:\/\/koalicjapolnoc.pl\/\"},{\"@type\":\"ListItem\",\"position\":2,\"name\":\"Jak ubra\u0107 si\u0119 modnie na zimowe spacery i sporty na \u015bwie\u017cym powietrzu?\"}]},{\"@type\":\"WebSite\",\"@id\":\"https:\/\/koalicjapolnoc.pl\/#website\",\"url\":\"https:\/\/koalicjapolnoc.pl\/\",\"name\":\"koalicjapolnoc.pl\",\"description\":\"Moda na bluzy: styl, wygoda, historia.\",\"potentialAction\":[{\"@type\":\"SearchAction\",\"target\":{\"@type\":\"EntryPoint\",\"urlTemplate\":\"https:\/\/koalicjapolnoc.pl\/?s={search_term_string}\"},\"query-input\":\"required name=search_term_string\"}],\"inLanguage\":\"ro-RO\"},{\"@type\":\"Person\",\"@id\":\"https:\/\/koalicjapolnoc.pl\/#\/schema\/person\/7d47e60bd3ee98cb2c276d958285d1bb\",\"name\":\"El\u017cbieta Szczepa\u0144ska\",\"image\":{\"@type\":\"ImageObject\",\"inLanguage\":\"ro-RO\",\"@id\":\"https:\/\/koalicjapolnoc.pl\/#\/schema\/person\/image\/\",\"url\":\"https:\/\/koalicjapolnoc.pl\/wp-content\/uploads\/pixinllhbw7_ad_avatar-96x96.jpg\",\"contentUrl\":\"https:\/\/koalicjapolnoc.pl\/wp-content\/uploads\/pixinllhbw7_ad_avatar-96x96.jpg\",\"caption\":\"El\u017cbieta Szczepa\u0144ska\"},\"description\":\"Jestem El\u017cbieta Szczepa\u0144ska, projektantka mody z wieloletnim do\u015bwiadczeniem w bran\u017cy. Tworzy\u0142am kolekcje dla presti\u017cowych marek, wsp\u00f3\u0142pracowa\u0142am z magazynami. Moj\u0105 misj\u0105 jest inspirowanie innych do odkrywania w\u0142asnego stylu i \u015bwiadomych wybor\u00f3w w modzie.\",\"url\":\"https:\/\/koalicjapolnoc.pl\/ro\/author\/elzbieta-szczepanska\/\"}]}<\/script>\n<!-- \/ Yoast SEO plugin. -->","yoast_head_json":{"title":"Jak modnie ubra\u0107 si\u0119 na zimowe spacery i sporty na \u015bwie\u017cym powietrzu? Porady stylowe","description":"Dowiedz si\u0119, jak \u0142\u0105czy\u0107 mod\u0119 z funkcjonalno\u015bci\u0105 podczas zimowych spacer\u00f3w i sport\u00f3w. Odkryj idealne materia\u0142y i dodatki!","robots":{"index":"index","follow":"follow","max-snippet":"max-snippet:-1","max-image-preview":"max-image-preview:large","max-video-preview":"max-video-preview:-1"},"canonical":"https:\/\/koalicjapolnoc.pl\/ro\/jak-ubrac-sie-modnie-na-zimowe-spacery-i-sporty-na-swiezym-powietrzu\/","og_locale":"ro_RO","og_type":"article","og_title":"Jak modnie ubra\u0107 si\u0119 na zimowe spacery i sporty na \u015bwie\u017cym powietrzu? Porady stylowe","og_description":"Dowiedz si\u0119, jak \u0142\u0105czy\u0107 mod\u0119 z funkcjonalno\u015bci\u0105 podczas zimowych spacer\u00f3w i sport\u00f3w. Odkryj idealne materia\u0142y i dodatki!","og_url":"https:\/\/koalicjapolnoc.pl\/ro\/jak-ubrac-sie-modnie-na-zimowe-spacery-i-sporty-na-swiezym-powietrzu\/","og_site_name":"koalicjapolnoc.pl","article_published_time":"2024-12-14T00:00:00+00:00","og_image":[{"width":1024,"height":768,"url":"https:\/\/koalicjapolnoc.pl\/wp-content\/uploads\/image03cdc42e0aae451c849ac8c7e30a5e62.png","type":"image\/png"}],"author":"El\u017cbieta Szczepa\u0144ska","twitter_card":"summary_large_image","twitter_misc":{"Scris de":"El\u017cbieta Szczepa\u0144ska","Timp estimat pentru citire":"4 minute"},"schema":{"@context":"https:\/\/schema.org","@graph":[{"@type":"WebPage","@id":"https:\/\/koalicjapolnoc.pl\/jak-ubrac-sie-modnie-na-zimowe-spacery-i-sporty-na-swiezym-powietrzu\/","url":"https:\/\/koalicjapolnoc.pl\/jak-ubrac-sie-modnie-na-zimowe-spacery-i-sporty-na-swiezym-powietrzu\/","name":"Jak modnie ubra\u0107 si\u0119 na zimowe spacery i sporty na \u015bwie\u017cym powietrzu? Porady stylowe","isPartOf":{"@id":"https:\/\/koalicjapolnoc.pl\/#website"},"primaryImageOfPage":{"@id":"https:\/\/koalicjapolnoc.pl\/jak-ubrac-sie-modnie-na-zimowe-spacery-i-sporty-na-swiezym-powietrzu\/#primaryimage"},"image":{"@id":"https:\/\/koalicjapolnoc.pl\/jak-ubrac-sie-modnie-na-zimowe-spacery-i-sporty-na-swiezym-powietrzu\/#primaryimage"},"thumbnailUrl":"https:\/\/koalicjapolnoc.pl\/wp-content\/uploads\/image03cdc42e0aae451c849ac8c7e30a5e62.png","datePublished":"2024-12-14T00:00:00+00:00","dateModified":"2024-12-14T00:00:00+00:00","author":{"@id":"https:\/\/koalicjapolnoc.pl\/#\/schema\/person\/7d47e60bd3ee98cb2c276d958285d1bb"},"description":"Dowiedz si\u0119, jak \u0142\u0105czy\u0107 mod\u0119 z funkcjonalno\u015bci\u0105 podczas zimowych spacer\u00f3w i sport\u00f3w. Odkryj idealne materia\u0142y i dodatki!","breadcrumb":{"@id":"https:\/\/koalicjapolnoc.pl\/jak-ubrac-sie-modnie-na-zimowe-spacery-i-sporty-na-swiezym-powietrzu\/#breadcrumb"},"inLanguage":"ro-RO","potentialAction":[{"@type":"ReadAction","target":["https:\/\/koalicjapolnoc.pl\/jak-ubrac-sie-modnie-na-zimowe-spacery-i-sporty-na-swiezym-powietrzu\/"]}]},{"@type":"ImageObject","inLanguage":"ro-RO","@id":"https:\/\/koalicjapolnoc.pl\/jak-ubrac-sie-modnie-na-zimowe-spacery-i-sporty-na-swiezym-powietrzu\/#primaryimage","url":"https:\/\/koalicjapolnoc.pl\/wp-content\/uploads\/image03cdc42e0aae451c849ac8c7e30a5e62.png","contentUrl":"https:\/\/koalicjapolnoc.pl\/wp-content\/uploads\/image03cdc42e0aae451c849ac8c7e30a5e62.png","width":1024,"height":768},{"@type":"BreadcrumbList","@id":"https:\/\/koalicjapolnoc.pl\/jak-ubrac-sie-modnie-na-zimowe-spacery-i-sporty-na-swiezym-powietrzu\/#breadcrumb","itemListElement":[{"@type":"ListItem","position":1,"name":"Home","item":"https:\/\/koalicjapolnoc.pl\/"},{"@type":"ListItem","position":2,"name":"Jak ubra\u0107 si\u0119 modnie na zimowe spacery i sporty na \u015bwie\u017cym powietrzu?"}]},{"@type":"WebSite","@id":"https:\/\/koalicjapolnoc.pl\/#website","url":"https:\/\/koalicjapolnoc.pl\/","name":"koalicjapolnoc.pl","description":"Moda na bluzy: styl, wygoda, historia.","potentialAction":[{"@type":"SearchAction","target":{"@type":"EntryPoint","urlTemplate":"https:\/\/koalicjapolnoc.pl\/?s={search_term_string}"},"query-input":"required name=search_term_string"}],"inLanguage":"ro-RO"},{"@type":"Person","@id":"https:\/\/koalicjapolnoc.pl\/#\/schema\/person\/7d47e60bd3ee98cb2c276d958285d1bb","name":"El\u017cbieta Szczepa\u0144ska","image":{"@type":"ImageObject","inLanguage":"ro-RO","@id":"https:\/\/koalicjapolnoc.pl\/#\/schema\/person\/image\/","url":"https:\/\/koalicjapolnoc.pl\/wp-content\/uploads\/pixinllhbw7_ad_avatar-96x96.jpg","contentUrl":"https:\/\/koalicjapolnoc.pl\/wp-content\/uploads\/pixinllhbw7_ad_avatar-96x96.jpg","caption":"El\u017cbieta Szczepa\u0144ska"},"description":"Jestem El\u017cbieta Szczepa\u0144ska, projektantka mody z wieloletnim do\u015bwiadczeniem w bran\u017cy. Tworzy\u0142am kolekcje dla presti\u017cowych marek, wsp\u00f3\u0142pracowa\u0142am z magazynami. Moj\u0105 misj\u0105 jest inspirowanie innych do odkrywania w\u0142asnego stylu i \u015bwiadomych wybor\u00f3w w modzie.","url":"https:\/\/koalicjapolnoc.pl\/ro\/author\/elzbieta-szczepanska\/"}]}},"yoast_meta":{"yoast_wpseo_title":"","yoast_wpseo_metadesc":"","yoast_wpseo_canonical":"https:\/\/koalicjapolnoc.pl\/ro\/wp-json\/wp\/v2\/posts\/315"},"_links":{"self":[{"href":"https:\/\/koalicjapolnoc.pl\/ro\/wp-json\/wp\/v2\/posts\/315","targetHints":{"allow":["GET"]}}],"collection":[{"href":"https:\/\/koalicjapolnoc.pl\/ro\/wp-json\/wp\/v2\/posts"}],"about":[{"href":"https:\/\/koalicjapolnoc.pl\/ro\/wp-json\/wp\/v2\/types\/post"}],"author":[{"embeddable":true,"href":"https:\/\/koalicjapolnoc.pl\/ro\/wp-json\/wp\/v2\/users\/1"}],"replies":[{"embeddable":true,"href":"https:\/\/koalicjapolnoc.pl\/ro\/wp-json\/wp\/v2\/comments?post=315"}],"version-history":[{"count":1,"href":"https:\/\/koalicjapolnoc.pl\/ro\/wp-json\/wp\/v2\/posts\/315\/revisions"}],"predecessor-version":[{"id":319,"href":"https:\/\/koalicjapolnoc.pl\/ro\/wp-json\/wp\/v2\/posts\/315\/revisions\/319"}],"wp:featuredmedia":[{"embeddable":true,"href":"https:\/\/koalicjapolnoc.pl\/ro\/wp-json\/wp\/v2\/media\/293"}],"wp:attachment":[{"href":"https:\/\/koalicjapolnoc.pl\/ro\/wp-json\/wp\/v2\/media?parent=315"}],"wp:term":[{"taxonomy":"category","embeddable":true,"href":"https:\/\/koalicjapolnoc.pl\/ro\/wp-json\/wp\/v2\/categories?post=315"},{"taxonomy":"post_tag","embeddable":true,"href":"https:\/\/koalicjapolnoc.pl\/ro\/wp-json\/wp\/v2\/tags?post=315"}],"curies":[{"name":"wp","href":"https:\/\/api.w.org\/{rel}","templated":true}]}}