{"id":316,"date":"2024-12-13T00:00:00","date_gmt":"2024-12-13T00:00:00","guid":{"rendered":"https:\/\/koalicjapolnoc.pl\/jakie-spodnie-do-lnianej-koszuli\/"},"modified":"2024-12-13T00:00:00","modified_gmt":"2024-12-13T00:00:00","slug":"jakie-spodnie-do-lnianej-koszuli","status":"publish","type":"post","link":"https:\/\/koalicjapolnoc.pl\/ro\/jakie-spodnie-do-lnianej-koszuli\/","title":{"rendered":"Ce pantaloni s\u0103 por\u021bi cu o c\u0103ma\u0219\u0103 de in?"},"content":{"rendered":"<div class=\"kk-star-ratings kksr-auto kksr-align-left kksr-valign-top\"\n    data-payload='{&quot;align&quot;:&quot;left&quot;,&quot;id&quot;:&quot;316&quot;,&quot;slug&quot;:&quot;default&quot;,&quot;valign&quot;:&quot;top&quot;,&quot;ignore&quot;:&quot;&quot;,&quot;reference&quot;:&quot;auto&quot;,&quot;class&quot;:&quot;&quot;,&quot;count&quot;:&quot;0&quot;,&quot;legendonly&quot;:&quot;&quot;,&quot;readonly&quot;:&quot;&quot;,&quot;score&quot;:&quot;0&quot;,&quot;starsonly&quot;:&quot;&quot;,&quot;best&quot;:&quot;5&quot;,&quot;gap&quot;:&quot;5&quot;,&quot;greet&quot;:&quot;&quot;,&quot;legend&quot;:&quot;0\\\/5 - (0 votes)&quot;,&quot;size&quot;:&quot;24&quot;,&quot;title&quot;:&quot;Jakie spodnie do lnianej koszuli?&quot;,&quot;width&quot;:&quot;0&quot;,&quot;_legend&quot;:&quot;{score}\\\/{best} - ({count} {votes})&quot;,&quot;font_factor&quot;:&quot;1.25&quot;}'>\n            \n<div class=\"kksr-stars\">\n    \n<div class=\"kksr-stars-inactive\">\n            <div class=\"kksr-star\" data-star=\"1\" style=\"padding-right: 5px\">\n            \n\n<div class=\"kksr-icon\" style=\"width: 24px; height: 24px;\"><\/div>\n        <\/div>\n            <div class=\"kksr-star\" data-star=\"2\" style=\"padding-right: 5px\">\n            \n\n<div class=\"kksr-icon\" style=\"width: 24px; height: 24px;\"><\/div>\n        <\/div>\n            <div class=\"kksr-star\" data-star=\"3\" style=\"padding-right: 5px\">\n            \n\n<div class=\"kksr-icon\" style=\"width: 24px; height: 24px;\"><\/div>\n        <\/div>\n            <div class=\"kksr-star\" data-star=\"4\" style=\"padding-right: 5px\">\n            \n\n<div class=\"kksr-icon\" style=\"width: 24px; height: 24px;\"><\/div>\n        <\/div>\n            <div class=\"kksr-star\" data-star=\"5\" style=\"padding-right: 5px\">\n            \n\n<div class=\"kksr-icon\" style=\"width: 24px; height: 24px;\"><\/div>\n        <\/div>\n    <\/div>\n    \n<div class=\"kksr-stars-active\" style=\"width: 0px;\">\n            <div class=\"kksr-star\" style=\"padding-right: 5px\">\n            \n\n<div class=\"kksr-icon\" style=\"width: 24px; height: 24px;\"><\/div>\n        <\/div>\n            <div class=\"kksr-star\" style=\"padding-right: 5px\">\n            \n\n<div class=\"kksr-icon\" style=\"width: 24px; height: 24px;\"><\/div>\n        <\/div>\n            <div class=\"kksr-star\" style=\"padding-right: 5px\">\n            \n\n<div class=\"kksr-icon\" style=\"width: 24px; height: 24px;\"><\/div>\n        <\/div>\n            <div class=\"kksr-star\" style=\"padding-right: 5px\">\n            \n\n<div class=\"kksr-icon\" style=\"width: 24px; height: 24px;\"><\/div>\n        <\/div>\n            <div class=\"kksr-star\" style=\"padding-right: 5px\">\n            \n\n<div class=\"kksr-icon\" style=\"width: 24px; height: 24px;\"><\/div>\n        <\/div>\n    <\/div>\n<\/div>\n                \n\n<div class=\"kksr-legend\" style=\"font-size: 19.2px;\">\n            <span class=\"kksr-muted\"><\/span>\n    <\/div>\n    <\/div>\n<p>C\u0103m\u0103\u0219ile din in sunt unul dintre cele mai versatile elemente ale unei garderobe de var\u0103. Acestea ofer\u0103 elegan\u021b\u0103 \u0219i confort, fiind perfecte at\u00e2t pentru stilurile de zi cu zi, c\u00e2t \u0219i pentru cele mai formale. Alegerea pantalonilor potrivi\u021bi pentru o c\u0103ma\u0219\u0103 din in poate influen\u021ba semnificativ impresia general\u0103 a \u00eentregii \u021binute. Merit\u0103 s\u0103 v\u0103 acorda\u021bi un moment pentru a v\u0103 g\u00e2ndi ce haine cu materiale \u0219i stiluri armonizate vor sublinia avantajele unei c\u0103m\u0103\u0219i din in. Datorit\u0103 variet\u0103\u021bii de op\u021biuni disponibile, fiecare are \u0219ansa de a g\u0103si ceva pentru sine. Vino cu mine \u00een aceast\u0103 c\u0103l\u0103torie de descoperire a combina\u021biilor perfecte care vor face ca stilul t\u0103u de var\u0103 s\u0103 surprind\u0103 pe toat\u0103 lumea!<\/p>\n<h2>Tipuri de c\u0103m\u0103\u0219i de in<\/h2>\n<p><img decoding=\"async\" alt=\"Kobieta pije sok pomara\u0144czowy, siedz\u0105c przy stole na tarasie kawiarni.\" src=\"https:\/\/koalicjapolnoc.pl\/wp-content\/uploads\/image7d8d24ab215e48af94eae6a3d57bdda7.png\"\/><\/p>\n<p>C\u0103m\u0103\u0219ile din in sunt disponibile \u00eentr-o varietate de stiluri \u0219i modele, permi\u021b\u00e2nd o potrivire perfect\u0103 cu stilul t\u0103u personal. Cheia este s\u0103 alegi un model care nu numai c\u0103 se va potrivi stilului t\u0103u specific, dar va accentua \u0219i individualitatea ta. Mai jos sunt c\u00e2teva sugestii de stiluri care merit\u0103 luate \u00een considerare:<\/p>\n<ul>\n<li>C\u0103m\u0103\u0219i clasice din in \u2013 o alegere atemporal\u0103, perfect\u0103 pentru multe ocazii.<\/li>\n<li>C\u0103m\u0103\u0219i supradimensionate \u2013 elegante \u0219i confortabile, perfecte pentru zilele de var\u0103.<\/li>\n<li>C\u0103m\u0103\u0219i cu m\u00e2nec\u0103 scurt\u0103 \u2013 ideale pentru \u021binute casual, de zi cu zi.<\/li>\n<\/ul>\n<h2>Ce pantaloni se potrivesc cel mai bine cu o c\u0103ma\u0219\u0103 de in?<\/h2>\n<p><img decoding=\"async\" alt=\"Cztery osoby piknikuj\u0105ce na kocu w parku, \u015bmiej\u0105 si\u0119 i jedz\u0105 owoce.\" src=\"https:\/\/koalicjapolnoc.pl\/wp-content\/uploads\/imageb94b8467ef2841d1bb47547c39fd96a2.png\"\/><\/p>\n<p>Alegerea pantalonilor potrivi\u021bi pentru c\u0103ma\u0219a ta de in este esen\u021bial\u0103 pentru crearea unui look complet. De\u0219i s-ar putea s\u0103 fii \u00eenclinat\u0103 s\u0103 optezi pentru pantaloni mai casual, merit\u0103 s\u0103 iei \u00een considerare \u0219i op\u021biuni care vor spori elegan\u021ba \u021binutei tale. Pantalonii bine ale\u0219i pot ad\u0103uga caracter \u0219i pot echilibra lejeritatea c\u0103m\u0103\u0219ii tale de in. Iat\u0103 c\u00e2teva op\u021biuni populare:<\/p>\n<table border=\"1\">\n<tr>\n<th>Tipul de pantaloni<\/th>\n<th>Destin<\/th>\n<th>Stilizare<\/th>\n<\/tr>\n<tr>\n<td>Pantaloni din denim<\/td>\n<td>\u00cen fiecare zi, relaxant<\/td>\n<td>Perfect pentru ie\u0219iri casual<\/td>\n<\/tr>\n<tr>\n<td>Pantaloni din material textil<\/td>\n<td>U\u0219or, estival<\/td>\n<td>Sunt perfecte pentru zilele c\u0103lduroase<\/td>\n<\/tr>\n<tr>\n<td>Pantaloni chino<\/td>\n<td>Elegant, dar confortabil<\/td>\n<td>Potrivit pentru ocazii formale \u0219i semi-formale<\/td>\n<\/tr>\n<\/table>\n<h3>Pantaloni din denim<\/h3>\n<p>Blugii sunt una dintre cele mai populare alegeri pentru o c\u0103ma\u0219\u0103 de in. Sunt confec\u021biona\u021bi dintr-un material care se potrive\u0219te bine cu fibrele naturale ale inului. Croiul clasic \u0219i diferitele nuan\u021be de denim \u00eei fac incredibil de versatili. Pot fi purta\u021bi at\u00e2t casual, c\u00e2t \u0219i mai elegant. Blugii combina\u021bi cu o c\u0103ma\u0219\u0103 de in creeaz\u0103 lejeritate \u0219i farmec casual. Cu toate acestea, merit\u0103 s\u0103 ne amintim c\u0103 culoarea blugilor ar trebui s\u0103 fie subtil\u0103 \u0219i s\u0103 nu intre \u00een conflict cu nuan\u021ba c\u0103m\u0103\u0219ii de in.<\/p>\n<h3>\u021binute cu c\u0103ma\u0219\u0103 \u0219i pantaloni de in<\/h3>\n<p>Stilul unei c\u0103ma\u0219e de in poate fi variat \u00een func\u021bie de ocazie \u0219i de stilul de pantaloni ales. Iat\u0103 c\u00e2teva inspira\u021bii:<\/p>\n<ul>\n<li><strong>Aspect casual:<\/strong> C\u0103ma\u0219\u0103 de in cu blugi \u0219i adida\u0219i.<\/li>\n<li><strong>Stil elegant:<\/strong> C\u0103ma\u0219\u0103 de in cu pantaloni chino \u0219i pantofi elegan\u021bi.<\/li>\n<li><strong>Stil de plaj\u0103:<\/strong> C\u0103ma\u0219\u0103 de in cu pantaloni scur\u021bi.<\/li>\n<\/ul>\n<h2>Rezumat<\/h2>\n<p>Dup\u0103 cum pute\u021bi vedea, alegerea pantalonilor pentru o c\u0103ma\u0219\u0103 de in nu este dificil\u0103, dar necesit\u0103 aten\u021bie \u0219i considera\u021bie. Fiecare stil ofer\u0103 un aspect unic \u0219i confort la purtare. \u00cen func\u021bie de ocazie, pute\u021bi alege at\u00e2t combina\u021bii casual, c\u00e2t \u0219i mai elegante. Posibilit\u0103\u021bile sunt aproape nelimitate, iar datorit\u0103 variet\u0103\u021bii de culori, pute\u021bi crea adev\u0103rate opere de art\u0103 \u00een materie de mod\u0103. Indiferent de stilul ales, o c\u0103ma\u0219\u0103 de in adaug\u0103 \u00eentotdeauna elegan\u021b\u0103 \u0219i lejeritate. Aleg\u00e2nd pantalonii potrivi\u021bi, ve\u021bi c\u00e2\u0219tiga \u00eencredere \u00een sine \u0219i bun\u0103stare \u00een fiecare situa\u021bie.<\/p>\n<h2>\u00centreb\u0103ri frecvente<\/h2>\n<ul>\n<li><strong>Ce culori de pantaloni se potrivesc cel mai bine cu c\u0103m\u0103\u0219ile de in?<\/strong> Culorile neutre precum bej, gri sau bleumarin vor fi o alegere excelent\u0103.<\/li>\n<li><strong>Pot purta o c\u0103ma\u0219\u0103 de in cu pantaloni de trening?<\/strong> Da, dar merit\u0103 s\u0103 alegi treninguri \u00een stiluri mai elegante pentru a men\u021bine echilibrul dintre casual \u0219i stil.<\/li>\n<li><strong>Cum s\u0103 \u00eengrije\u0219ti o c\u0103ma\u0219\u0103 de in?<\/strong> Sp\u0103larea \u00een ap\u0103 rece, evitarea detergen\u021bilor puternici \u0219i uscarea la umbr\u0103 vor ajuta la men\u021binerea calit\u0103\u021bii sale.<\/li>\n<li><strong>Sunt c\u0103m\u0103\u0219ile de in potrivite pentru iarn\u0103?<\/strong> Materialele din in sunt cu siguran\u021b\u0103 mai potrivite pentru var\u0103, dar pot fi purtate \u0219i iarna ca parte a unei \u021binute \u00een stil ceap\u0103.<\/li>\n<\/ul>","protected":false},"excerpt":{"rendered":"<p>Lniane koszule to jeden z najbardziej uniwersalnych element\u00f3w letniej garderoby. Oferuj\u0105 elegancj\u0119 i komfort, dzi\u0119ki czemu \u015bwietnie sprawdzaj\u0105 si\u0119 zar\u00f3wno w codziennych, jak i bardziej<\/p>","protected":false},"author":1,"featured_media":296,"comment_status":"closed","ping_status":"closed","sticky":false,"template":"","format":"standard","meta":{"_acf_changed":false,"footnotes":""},"categories":[1],"tags":[],"class_list":["post-316","post","type-post","status-publish","format-standard","has-post-thumbnail","hentry","category-blog"],"acf":[],"yoast_head":"<!-- This site is optimized with the Yoast SEO plugin v23.2 - https:\/\/yoast.com\/wordpress\/plugins\/seo\/ -->\n<title>Jakie spodnie do lnianej koszuli? Przewodnik po stylowych po\u0142\u0105czeniach<\/title>\n<meta name=\"description\" content=\"Odkryj, jakie spodnie najlepiej pasuj\u0105 do lnianej koszuli! Poznaj r\u00f3\u017cne style i inspiracje na ka\u017cd\u0105 okazj\u0119.\" \/>\n<meta name=\"robots\" content=\"index, follow, max-snippet:-1, max-image-preview:large, max-video-preview:-1\" \/>\n<link rel=\"canonical\" href=\"https:\/\/koalicjapolnoc.pl\/ro\/jakie-spodnie-do-lnianej-koszuli\/\" \/>\n<meta property=\"og:locale\" content=\"ro_RO\" \/>\n<meta property=\"og:type\" content=\"article\" \/>\n<meta property=\"og:title\" content=\"Jakie spodnie do lnianej koszuli? Przewodnik po stylowych po\u0142\u0105czeniach\" \/>\n<meta property=\"og:description\" content=\"Odkryj, jakie spodnie najlepiej pasuj\u0105 do lnianej koszuli! Poznaj r\u00f3\u017cne style i inspiracje na ka\u017cd\u0105 okazj\u0119.\" \/>\n<meta property=\"og:url\" content=\"https:\/\/koalicjapolnoc.pl\/ro\/jakie-spodnie-do-lnianej-koszuli\/\" \/>\n<meta property=\"og:site_name\" content=\"koalicjapolnoc.pl\" \/>\n<meta property=\"article:published_time\" content=\"2024-12-13T00:00:00+00:00\" \/>\n<meta property=\"og:image\" content=\"https:\/\/koalicjapolnoc.pl\/wp-content\/uploads\/image39a0b0ab5b0441e6a13164d850fdcc46.png\" \/>\n\t<meta property=\"og:image:width\" content=\"1024\" \/>\n\t<meta property=\"og:image:height\" content=\"768\" \/>\n\t<meta property=\"og:image:type\" content=\"image\/png\" \/>\n<meta name=\"author\" content=\"El\u017cbieta Szczepa\u0144ska\" \/>\n<meta name=\"twitter:card\" content=\"summary_large_image\" \/>\n<meta name=\"twitter:label1\" content=\"Scris de\" \/>\n\t<meta name=\"twitter:data1\" content=\"El\u017cbieta Szczepa\u0144ska\" \/>\n\t<meta name=\"twitter:label2\" content=\"Timp estimat pentru citire\" \/>\n\t<meta name=\"twitter:data2\" content=\"3 minute\" \/>\n<script type=\"application\/ld+json\" class=\"yoast-schema-graph\">{\"@context\":\"https:\/\/schema.org\",\"@graph\":[{\"@type\":\"WebPage\",\"@id\":\"https:\/\/koalicjapolnoc.pl\/jakie-spodnie-do-lnianej-koszuli\/\",\"url\":\"https:\/\/koalicjapolnoc.pl\/jakie-spodnie-do-lnianej-koszuli\/\",\"name\":\"Jakie spodnie do lnianej koszuli? Przewodnik po stylowych po\u0142\u0105czeniach\",\"isPartOf\":{\"@id\":\"https:\/\/koalicjapolnoc.pl\/#website\"},\"primaryImageOfPage\":{\"@id\":\"https:\/\/koalicjapolnoc.pl\/jakie-spodnie-do-lnianej-koszuli\/#primaryimage\"},\"image\":{\"@id\":\"https:\/\/koalicjapolnoc.pl\/jakie-spodnie-do-lnianej-koszuli\/#primaryimage\"},\"thumbnailUrl\":\"https:\/\/koalicjapolnoc.pl\/wp-content\/uploads\/image39a0b0ab5b0441e6a13164d850fdcc46.png\",\"datePublished\":\"2024-12-13T00:00:00+00:00\",\"dateModified\":\"2024-12-13T00:00:00+00:00\",\"author\":{\"@id\":\"https:\/\/koalicjapolnoc.pl\/#\/schema\/person\/7d47e60bd3ee98cb2c276d958285d1bb\"},\"description\":\"Odkryj, jakie spodnie najlepiej pasuj\u0105 do lnianej koszuli! Poznaj r\u00f3\u017cne style i inspiracje na ka\u017cd\u0105 okazj\u0119.\",\"breadcrumb\":{\"@id\":\"https:\/\/koalicjapolnoc.pl\/jakie-spodnie-do-lnianej-koszuli\/#breadcrumb\"},\"inLanguage\":\"ro-RO\",\"potentialAction\":[{\"@type\":\"ReadAction\",\"target\":[\"https:\/\/koalicjapolnoc.pl\/jakie-spodnie-do-lnianej-koszuli\/\"]}]},{\"@type\":\"ImageObject\",\"inLanguage\":\"ro-RO\",\"@id\":\"https:\/\/koalicjapolnoc.pl\/jakie-spodnie-do-lnianej-koszuli\/#primaryimage\",\"url\":\"https:\/\/koalicjapolnoc.pl\/wp-content\/uploads\/image39a0b0ab5b0441e6a13164d850fdcc46.png\",\"contentUrl\":\"https:\/\/koalicjapolnoc.pl\/wp-content\/uploads\/image39a0b0ab5b0441e6a13164d850fdcc46.png\",\"width\":1024,\"height\":768},{\"@type\":\"BreadcrumbList\",\"@id\":\"https:\/\/koalicjapolnoc.pl\/jakie-spodnie-do-lnianej-koszuli\/#breadcrumb\",\"itemListElement\":[{\"@type\":\"ListItem\",\"position\":1,\"name\":\"Home\",\"item\":\"https:\/\/koalicjapolnoc.pl\/\"},{\"@type\":\"ListItem\",\"position\":2,\"name\":\"Jakie spodnie do lnianej koszuli?\"}]},{\"@type\":\"WebSite\",\"@id\":\"https:\/\/koalicjapolnoc.pl\/#website\",\"url\":\"https:\/\/koalicjapolnoc.pl\/\",\"name\":\"koalicjapolnoc.pl\",\"description\":\"Moda na bluzy: styl, wygoda, historia.\",\"potentialAction\":[{\"@type\":\"SearchAction\",\"target\":{\"@type\":\"EntryPoint\",\"urlTemplate\":\"https:\/\/koalicjapolnoc.pl\/?s={search_term_string}\"},\"query-input\":\"required name=search_term_string\"}],\"inLanguage\":\"ro-RO\"},{\"@type\":\"Person\",\"@id\":\"https:\/\/koalicjapolnoc.pl\/#\/schema\/person\/7d47e60bd3ee98cb2c276d958285d1bb\",\"name\":\"El\u017cbieta Szczepa\u0144ska\",\"image\":{\"@type\":\"ImageObject\",\"inLanguage\":\"ro-RO\",\"@id\":\"https:\/\/koalicjapolnoc.pl\/#\/schema\/person\/image\/\",\"url\":\"https:\/\/koalicjapolnoc.pl\/wp-content\/uploads\/pixinllhbw7_ad_avatar-96x96.jpg\",\"contentUrl\":\"https:\/\/koalicjapolnoc.pl\/wp-content\/uploads\/pixinllhbw7_ad_avatar-96x96.jpg\",\"caption\":\"El\u017cbieta Szczepa\u0144ska\"},\"description\":\"Jestem El\u017cbieta Szczepa\u0144ska, projektantka mody z wieloletnim do\u015bwiadczeniem w bran\u017cy. Tworzy\u0142am kolekcje dla presti\u017cowych marek, wsp\u00f3\u0142pracowa\u0142am z magazynami. Moj\u0105 misj\u0105 jest inspirowanie innych do odkrywania w\u0142asnego stylu i \u015bwiadomych wybor\u00f3w w modzie.\",\"url\":\"https:\/\/koalicjapolnoc.pl\/ro\/author\/elzbieta-szczepanska\/\"}]}<\/script>\n<!-- \/ Yoast SEO plugin. -->","yoast_head_json":{"title":"Jakie spodnie do lnianej koszuli? Przewodnik po stylowych po\u0142\u0105czeniach","description":"Odkryj, jakie spodnie najlepiej pasuj\u0105 do lnianej koszuli! Poznaj r\u00f3\u017cne style i inspiracje na ka\u017cd\u0105 okazj\u0119.","robots":{"index":"index","follow":"follow","max-snippet":"max-snippet:-1","max-image-preview":"max-image-preview:large","max-video-preview":"max-video-preview:-1"},"canonical":"https:\/\/koalicjapolnoc.pl\/ro\/jakie-spodnie-do-lnianej-koszuli\/","og_locale":"ro_RO","og_type":"article","og_title":"Jakie spodnie do lnianej koszuli? Przewodnik po stylowych po\u0142\u0105czeniach","og_description":"Odkryj, jakie spodnie najlepiej pasuj\u0105 do lnianej koszuli! Poznaj r\u00f3\u017cne style i inspiracje na ka\u017cd\u0105 okazj\u0119.","og_url":"https:\/\/koalicjapolnoc.pl\/ro\/jakie-spodnie-do-lnianej-koszuli\/","og_site_name":"koalicjapolnoc.pl","article_published_time":"2024-12-13T00:00:00+00:00","og_image":[{"width":1024,"height":768,"url":"https:\/\/koalicjapolnoc.pl\/wp-content\/uploads\/image39a0b0ab5b0441e6a13164d850fdcc46.png","type":"image\/png"}],"author":"El\u017cbieta Szczepa\u0144ska","twitter_card":"summary_large_image","twitter_misc":{"Scris de":"El\u017cbieta Szczepa\u0144ska","Timp estimat pentru citire":"3 minute"},"schema":{"@context":"https:\/\/schema.org","@graph":[{"@type":"WebPage","@id":"https:\/\/koalicjapolnoc.pl\/jakie-spodnie-do-lnianej-koszuli\/","url":"https:\/\/koalicjapolnoc.pl\/jakie-spodnie-do-lnianej-koszuli\/","name":"Jakie spodnie do lnianej koszuli? Przewodnik po stylowych po\u0142\u0105czeniach","isPartOf":{"@id":"https:\/\/koalicjapolnoc.pl\/#website"},"primaryImageOfPage":{"@id":"https:\/\/koalicjapolnoc.pl\/jakie-spodnie-do-lnianej-koszuli\/#primaryimage"},"image":{"@id":"https:\/\/koalicjapolnoc.pl\/jakie-spodnie-do-lnianej-koszuli\/#primaryimage"},"thumbnailUrl":"https:\/\/koalicjapolnoc.pl\/wp-content\/uploads\/image39a0b0ab5b0441e6a13164d850fdcc46.png","datePublished":"2024-12-13T00:00:00+00:00","dateModified":"2024-12-13T00:00:00+00:00","author":{"@id":"https:\/\/koalicjapolnoc.pl\/#\/schema\/person\/7d47e60bd3ee98cb2c276d958285d1bb"},"description":"Odkryj, jakie spodnie najlepiej pasuj\u0105 do lnianej koszuli! Poznaj r\u00f3\u017cne style i inspiracje na ka\u017cd\u0105 okazj\u0119.","breadcrumb":{"@id":"https:\/\/koalicjapolnoc.pl\/jakie-spodnie-do-lnianej-koszuli\/#breadcrumb"},"inLanguage":"ro-RO","potentialAction":[{"@type":"ReadAction","target":["https:\/\/koalicjapolnoc.pl\/jakie-spodnie-do-lnianej-koszuli\/"]}]},{"@type":"ImageObject","inLanguage":"ro-RO","@id":"https:\/\/koalicjapolnoc.pl\/jakie-spodnie-do-lnianej-koszuli\/#primaryimage","url":"https:\/\/koalicjapolnoc.pl\/wp-content\/uploads\/image39a0b0ab5b0441e6a13164d850fdcc46.png","contentUrl":"https:\/\/koalicjapolnoc.pl\/wp-content\/uploads\/image39a0b0ab5b0441e6a13164d850fdcc46.png","width":1024,"height":768},{"@type":"BreadcrumbList","@id":"https:\/\/koalicjapolnoc.pl\/jakie-spodnie-do-lnianej-koszuli\/#breadcrumb","itemListElement":[{"@type":"ListItem","position":1,"name":"Home","item":"https:\/\/koalicjapolnoc.pl\/"},{"@type":"ListItem","position":2,"name":"Jakie spodnie do lnianej koszuli?"}]},{"@type":"WebSite","@id":"https:\/\/koalicjapolnoc.pl\/#website","url":"https:\/\/koalicjapolnoc.pl\/","name":"koalicjapolnoc.pl","description":"Moda na bluzy: styl, wygoda, historia.","potentialAction":[{"@type":"SearchAction","target":{"@type":"EntryPoint","urlTemplate":"https:\/\/koalicjapolnoc.pl\/?s={search_term_string}"},"query-input":"required name=search_term_string"}],"inLanguage":"ro-RO"},{"@type":"Person","@id":"https:\/\/koalicjapolnoc.pl\/#\/schema\/person\/7d47e60bd3ee98cb2c276d958285d1bb","name":"El\u017cbieta Szczepa\u0144ska","image":{"@type":"ImageObject","inLanguage":"ro-RO","@id":"https:\/\/koalicjapolnoc.pl\/#\/schema\/person\/image\/","url":"https:\/\/koalicjapolnoc.pl\/wp-content\/uploads\/pixinllhbw7_ad_avatar-96x96.jpg","contentUrl":"https:\/\/koalicjapolnoc.pl\/wp-content\/uploads\/pixinllhbw7_ad_avatar-96x96.jpg","caption":"El\u017cbieta Szczepa\u0144ska"},"description":"Jestem El\u017cbieta Szczepa\u0144ska, projektantka mody z wieloletnim do\u015bwiadczeniem w bran\u017cy. Tworzy\u0142am kolekcje dla presti\u017cowych marek, wsp\u00f3\u0142pracowa\u0142am z magazynami. Moj\u0105 misj\u0105 jest inspirowanie innych do odkrywania w\u0142asnego stylu i \u015bwiadomych wybor\u00f3w w modzie.","url":"https:\/\/koalicjapolnoc.pl\/ro\/author\/elzbieta-szczepanska\/"}]}},"yoast_meta":{"yoast_wpseo_title":"","yoast_wpseo_metadesc":"","yoast_wpseo_canonical":"https:\/\/koalicjapolnoc.pl\/ro\/wp-json\/wp\/v2\/posts\/316"},"_links":{"self":[{"href":"https:\/\/koalicjapolnoc.pl\/ro\/wp-json\/wp\/v2\/posts\/316","targetHints":{"allow":["GET"]}}],"collection":[{"href":"https:\/\/koalicjapolnoc.pl\/ro\/wp-json\/wp\/v2\/posts"}],"about":[{"href":"https:\/\/koalicjapolnoc.pl\/ro\/wp-json\/wp\/v2\/types\/post"}],"author":[{"embeddable":true,"href":"https:\/\/koalicjapolnoc.pl\/ro\/wp-json\/wp\/v2\/users\/1"}],"replies":[{"embeddable":true,"href":"https:\/\/koalicjapolnoc.pl\/ro\/wp-json\/wp\/v2\/comments?post=316"}],"version-history":[{"count":0,"href":"https:\/\/koalicjapolnoc.pl\/ro\/wp-json\/wp\/v2\/posts\/316\/revisions"}],"wp:featuredmedia":[{"embeddable":true,"href":"https:\/\/koalicjapolnoc.pl\/ro\/wp-json\/wp\/v2\/media\/296"}],"wp:attachment":[{"href":"https:\/\/koalicjapolnoc.pl\/ro\/wp-json\/wp\/v2\/media?parent=316"}],"wp:term":[{"taxonomy":"category","embeddable":true,"href":"https:\/\/koalicjapolnoc.pl\/ro\/wp-json\/wp\/v2\/categories?post=316"},{"taxonomy":"post_tag","embeddable":true,"href":"https:\/\/koalicjapolnoc.pl\/ro\/wp-json\/wp\/v2\/tags?post=316"}],"curies":[{"name":"wp","href":"https:\/\/api.w.org\/{rel}","templated":true}]}}